{"id":3309,"date":"2024-03-22T13:12:14","date_gmt":"2024-03-22T13:12:14","guid":{"rendered":"https:\/\/minutaregional.cl\/?p=3309"},"modified":"2024-03-22T13:12:14","modified_gmt":"2024-03-22T13:12:14","slug":"agrupaciones-indigenas-de-la-provincia-del-choapa-se-preparan-para-definir-acuerdos-para-nueva-legislacion-patrimonial","status":"publish","type":"post","link":"https:\/\/minutaregional.cl\/?p=3309","title":{"rendered":"Agrupaciones ind\u00edgenas de la provincia del Choapa se preparan para definir acuerdos para nueva legislaci\u00f3n patrimonial"},"content":{"rendered":"<ul>\n<li><em>M\u00e1s de una docena de agrupaciones y asociaciones ind\u00edgenas analizaron y debatieron la protecci\u00f3n de sus derechos culturales, su patrimonio hist\u00f3rico y ancestral. Agrupaciones y asociaciones de pueblos originarios que participaron de la instancia destacaron la necesidad de la protecci\u00f3n del patrimonio inmaterial en la normativa. <\/em><\/li>\n<\/ul>\n<p><em>\u00a0<\/em><\/p>\n<p>En la comuna de Illapel se llev\u00f3 a cabo la Etapa de Deliberaci\u00f3n Interna, correspondiente a la pen\u00faltima etapa de la Consulta Previa a los Pueblos Ind\u00edgenas y Afrodescendiente chileno.<\/p>\n<p>La instancia es ejecutada por el Servicio Nacional del Patrimonio Cultural, SERPAT, en todo el pa\u00eds, en la cual participan las comunidades y asociaciones ind\u00edgenas de la provincia del Choapa, en el marco del Decreto Supremo 66, del 2014 del Ministerio de Desarrollo Social y Familia.<\/p>\n<p>En esta etapa, participaron La Asociaci\u00f3n ind\u00edgena Inti Killa Lawen, Asociaci\u00f3n Diaguita Ypachay, Asociaci\u00f3n Antuvil\u00fa, Diaguitas del Valle, Comunidad Casuto, Puerto Canoa, Comunidad Chango Los Vilos, Comunidad Diaguita Flor de Espino de Canela, Comunidad Taucan, entre otras, las que dieron vida a los di\u00e1logos de la Consulta previa Ind\u00edgena en la provincia del Choapa, donde pudieron definir sus acuerdos en torno a la protecci\u00f3n de los patrimonios Ind\u00edgenas y c\u00f3mo se imaginan una nueva legislaci\u00f3n patrimonial.<\/p>\n<p>Alejandro Osorio, asesor de las Comunidades y Asociaciones Ind\u00edgenas de la provincia del Choapa, destac\u00f3 la participaci\u00f3n y motivaci\u00f3n de las organizaciones ind\u00edgenas con el proceso, el territorio y el futuro de los pueblos originarios del territorio.<\/p>\n<p>\u201cTambi\u00e9n valoro, en demas\u00eda, los v\u00ednculos que se generaron entre las agrupaciones y mi persona, para as\u00ed trascender el proceso mismo de consulta\u201d, a\u00f1adi\u00f3 Osorio.<\/p>\n<p>Ema Saavedra, del pueblo diaguita, quien fue electa como representante para participar del encuentro nacional, indic\u00f3 las razones de por qu\u00e9 debe renovarse la legislaci\u00f3n de Patrimonio.<\/p>\n<p>\u201cPrimero porque los tiempos, el clima y la vida va cambiando y necesitamos adaptarnos y permanecer al tiempo actual y porque estaba un poco obsoleta la ley respecto a los pueblos originarios. Entonces, siguiendo a otros pueblos que han avanzado en esto de forma aut\u00f3noma, nosotros tambi\u00e9n queremos poder mejorar las normas que existen hoy en d\u00eda\u201d.<\/p>\n<p>Johanna Cort\u00e9s, representante de la Asociaci\u00f3n ind\u00edgena Inti Killa Lawen conformada por diaguita, aymara y mapuche, coincidi\u00f3 con Emma Saavedra, respecto a la importancia del debate en torno a una nueva normativa patrimonial ind\u00edgena, \u201coorque se habla de una ley patrimonial, pero se deja de lado el aspecto ind\u00edgena\u201d, indic\u00f3 Cort\u00e9s.<\/p>\n<p>\u201cSiento que han sido bastante fruct\u00edferas las jornadas que hemos tenido, para que sea de conocimiento p\u00fablico. Durante seis jornadas hemos discutido, dialogado y logrado consensos respecto a la importancia de proteger el patrimonio, no visible, sino inmaterial que muchas veces para desapercibido para las comunidades, que para nosotros es muy relevante sobre todo partiendo de la base que como pueblo ind\u00edgena, el patrimonio es todo\u201d, agreg\u00f3 la representante.<\/p>\n<p>Fernando Tirado, presidente de la Comunidad de Pescadores y Recolectores Ind\u00edgenas del Pueblo Chango: \u201cLos Herederos del Territorio: Mar y Tierra de Los Vilos\u201d, fue electo como representante del encuentro regional con el que se cerrar\u00e1 el proceso de Consulta Previa de la Consulta Ind\u00edgena para una nueva legislaci\u00f3n patrimonial, espera que los requerimientos de los pueblos sean acogidos.<\/p>\n<p>\u201cEl Estado de Chile, a trav\u00e9s de esta propuesta vaya cumpliendo con las deudas hist\u00f3ricas de los pueblos ind\u00edgenas. Hoy el Estado tiene que tener un trato de buena fe con los pueblos ind\u00edgenas, pero vemos que s\u00f3lo dos pueblos est\u00e1n viendo atendidas sus demandas como los Mapuche con entrega de tierras y nuestros hermanos Lican Antay con los salares en el norte para llevar adelante la explotaci\u00f3n del litio\u201d, expres\u00f3 Tirado.<\/p>\n<p>En la Etapa de Deliberaci\u00f3n Interna, realizada el 17 de marzo en Illapel, se trabaj\u00f3 en torno a tres pilares que la Coordinaci\u00f3n T\u00e9cnica Regional CPIA, entreg\u00f3: el de Representaci\u00f3n y Participaci\u00f3n, de Protecci\u00f3n de los patrimonios Ind\u00edgenas y Afrodescendientes, y el pilar de Reconocimiento y definiciones.<\/p>\n<p>A partir de estos pilares los participantes reflexionaron sobre el momento hist\u00f3rico para los pueblos ind\u00edgenas por la protecci\u00f3n de sus derechos culturales, su patrimonio hist\u00f3rico y ancestral, y el derecho de las comunidades a preservar y revitalizar sus culturas.<\/p>\n<p>Posterior a esto, los representantes de cada territorio, elegidos por sus comunidades y asociaciones Ind\u00edgenas, pondr\u00e1n fin a la \u00faltima etapa del proceso de Consulta, denominada Di\u00e1logo entre los pueblos Ind\u00edgenas y Afrodescendiente con el estado. Ser\u00e1 en esta instancia donde se definen los acuerdos de los pueblos, sobre las materias consultadas. Respetando las culturas y m\u00e9todos de toma de decisiones de todos los pueblos ind\u00edgenas, se considerar\u00e1n di\u00e1logos de cierre regional para llegar a tomar acuerdos nacionales.<\/p>\n","protected":false},"excerpt":{"rendered":"<p>M\u00e1s de una docena de agrupaciones y asociaciones ind\u00edgenas analizaron y debatieron la protecci\u00f3n de sus derechos culturales, su patrimonio hist\u00f3rico y ancestral. Agrupaciones y asociaciones de pueblos originarios que participaron de la instancia destacaron la necesidad de la protecci\u00f3n del patrimonio inmaterial en la normativa. \u00a0 En la comuna<\/p>\n","protected":false},"author":1,"featured_media":3310,"comment_status":"open","ping_status":"open","sticky":false,"template":"","format":"standard","meta":{"footnotes":""},"categories":[16],"tags":[],"class_list":["post-3309","post","type-post","status-publish","format-standard","has-post-thumbnail","hentry","category-seremi-de-cultura"],"_links":{"self":[{"href":"https:\/\/minutaregional.cl\/index.php?rest_route=\/wp\/v2\/posts\/3309","targetHints":{"allow":["GET"]}}],"collection":[{"href":"https:\/\/minutaregional.cl\/index.php?rest_route=\/wp\/v2\/posts"}],"about":[{"href":"https:\/\/minutaregional.cl\/index.php?rest_route=\/wp\/v2\/types\/post"}],"author":[{"embeddable":true,"href":"https:\/\/minutaregional.cl\/index.php?rest_route=\/wp\/v2\/users\/1"}],"replies":[{"embeddable":true,"href":"https:\/\/minutaregional.cl\/index.php?rest_route=%2Fwp%2Fv2%2Fcomments&post=3309"}],"version-history":[{"count":1,"href":"https:\/\/minutaregional.cl\/index.php?rest_route=\/wp\/v2\/posts\/3309\/revisions"}],"predecessor-version":[{"id":3311,"href":"https:\/\/minutaregional.cl\/index.php?rest_route=\/wp\/v2\/posts\/3309\/revisions\/3311"}],"wp:featuredmedia":[{"embeddable":true,"href":"https:\/\/minutaregional.cl\/index.php?rest_route=\/wp\/v2\/media\/3310"}],"wp:attachment":[{"href":"https:\/\/minutaregional.cl\/index.php?rest_route=%2Fwp%2Fv2%2Fmedia&parent=3309"}],"wp:term":[{"taxonomy":"category","embeddable":true,"href":"https:\/\/minutaregional.cl\/index.php?rest_route=%2Fwp%2Fv2%2Fcategories&post=3309"},{"taxonomy":"post_tag","embeddable":true,"href":"https:\/\/minutaregional.cl\/index.php?rest_route=%2Fwp%2Fv2%2Ftags&post=3309"}],"curies":[{"name":"wp","href":"https:\/\/api.w.org\/{rel}","templated":true}]}}