{"id":3306,"date":"2024-03-22T11:46:32","date_gmt":"2024-03-22T11:46:32","guid":{"rendered":"https:\/\/minutaregional.cl\/?p=3306"},"modified":"2024-03-22T11:46:32","modified_gmt":"2024-03-22T11:46:32","slug":"realizan-induccion-para-postular-a-fondo-de-medios-de-comunicacion-de-la-segegob-en-choapa","status":"publish","type":"post","link":"https:\/\/minutaregional.cl\/?p=3306","title":{"rendered":"Realizan inducci\u00f3n para postular a Fondo de Medios de Comunicaci\u00f3n de la Segegob en Choapa"},"content":{"rendered":"<ul>\n<li><strong><em>En la oportunidad de destac\u00f3 que el objetivo busca financiar proyectos que rescaten la identidad propia de cada regi<\/em><\/strong><strong><em>\u00f3<\/em><\/strong><strong><em>n, informando sobre su acontecer econ<\/em><\/strong><strong><em>\u00f3<\/em><\/strong><strong><em>mico, social y cultural, fortaleciendo los procesos y estrategias educacionales de cada zona.<\/em><\/strong><\/li>\n<\/ul>\n<p>En dependencias de la Delegaci\u00f3n Presidencial Provincial de Choapa se llev\u00f3 a cabo una charla de inducci\u00f3n a medios de comunicaci\u00f3n provinciales y comunitarios, a postular, hasta el 13 de abril, al Fondo de Fomento de Medios de Comunicaci\u00f3n Social del Ministerio Secretar\u00eda General de Gobierno, cuyas bases y postulaciones se encuentran en el sitio web www.fondodemedios.gob.cl<\/p>\n<p>El pasado 2023, alrededor de 40 medios de comunicaci\u00f3n de la regi\u00f3n \u00a0pudo desarrollar iniciativas program\u00e1ticas gracias al Fondo de Medios. Se invirtieron m\u00e1s de 164 Millones de pesos para financiar programas en tem\u00e1ticas de g\u00e9nero, sequ\u00eda, emprendimiento, desarrollo local, entre otros. Para este 2024, la cifra destinada para el apoyo de las iniciativas asciende a m\u00e1s de 171 millones de pesos, un aumento de un 4% en los recursos destinados para la zona con respecto al a\u00f1o anterior.<\/p>\n<p>Al finalizar la jornada, Jorge Medina, Director de la red de Radio Dulce de las regiones de Coquimbo y Valpara\u00edso, destac\u00f3 la realizaci\u00f3n de esta jornada de inducci\u00f3n <strong><em>\u201cEs muy importante que la radio y todos los medios de comunicaci\u00f3n puedan tener este tipo de capacitaci\u00f3n con la finalidad de que puedan desarrollar de mejor manera sus proyectos para postular a este fondo de medios, a veces algunos medios no reciben el financiamiento necesario o no quedan seleccionados y b\u00e1sicamente, a veces pasa porque los proyectos est\u00e1n mal formulados\u201d<\/em><\/strong><\/p>\n<p><strong><em>\u201cEsto es muy importante, muy relevante el fondo de medios de comunicaci\u00f3n para las radios, sobretodo, las radios provinciales y comunales como las nuestras, que son comunas peque\u00f1as y que cuesta solventar gastos y todo lo dem\u00e1s, entonces, es muy importante esto y que la gente participe\u201d<\/em><\/strong> sostuvo, Juan Carlos Ossand\u00f3n, conocido locutor de las radios Balneario y Ultravisi\u00f3n de la comuna de Los Vilos.<\/p>\n<p>Por su parte el Consejero Regional por la Provincia de Choapa, Darwin Ibacache, destac\u00f3 que <strong><em>\u201cHoy estamos en la inducci\u00f3n del fondo de medios regionales, en que agradecemos a la Serem\u00eda de Gobierno que hoy est\u00e1 realizando un trabajo territorial importante en la difusi\u00f3n en la provincia de Choapa, tambi\u00e9n un arduo trabajo de parte del Consejo Regional como si tambi\u00e9n destacar algunos cambios en las bases que es importante para este fondo, sobre todo para los territorios de Salamanca, Canela, Los Vilos e Illapel y hoy tenemos una convocatoria de medios de las distintas comunas que reci\u00e9n nombr\u00e9, en el cual aumenta este a\u00f1o el monto total y seguramente va aumentar tambi\u00e9n la diferentes\u00a0 l\u00edneas en que van a postular tanto de medios digitales, radios, prensa escrita etc.\u201d<\/em><\/strong><\/p>\n<p><strong><em>\u201cComo Gobierno estamos comprometidos con el desarrollo de una agenda para el fortalecimiento de los medios de comunicaci\u00f3n, porque sabemos de la importancia que tienen en el territorio las radios, los peri\u00f3dicos y los diarios electr\u00f3nicos, quienes no s\u00f3lo desarrollan una labor informativa, sino que tambi\u00e9n educativa y de recreaci\u00f3n. Por eso, invitamos a los medios de comunicaci\u00f3n de nuestra Regi\u00f3n de Coquimbo a postular al Fondo de Medios 2024, una instancia que permitir\u00e1 generar iniciativas innovadoras que contribuir\u00e1n a contar con una comunidad m\u00e1s informada y empoderada\u201d,<\/em><\/strong> precis\u00f3 Paulina Mora, Seremi de Gobierno.<\/p>\n<p>Finalmente, la Delegada Presidencial Provincial de Choapa, Nataly Carvajal, resalt\u00f3 la jornada, puntualizando que <strong><em>\u201cFue una importante actividad enmarcada en esta apertura de los fondos de medios de la Serem\u00eda de Gobierno, ya que hoy se desplazaron funcionarios de dicha repartici\u00f3n a la provincia para poder dar esta inducci\u00f3n y entregar la informaci\u00f3n necesaria para que los medios de comunicaci\u00f3n, especialmente radiales que fueron los que acudieron\u00a0 a esta cita, puedan postular\u00a0 con la certeza de que lo est\u00e1n haciendo de la forma correcta, ya que muchas veces los fondos no son adquiridos por las distintas organizaciones por tener algunos detalles en la forma m\u00e1s que en el fondo\u201d.<\/em><\/strong><\/p>\n<p><strong><em>\u00a0<\/em><\/strong>Cabe consignar que el Fondo de Medios busca financiar, en forma complementaria, proyectos relativos a la realizaci\u00f3n, edici\u00f3n y difusi\u00f3n de programas o suplementos de car\u00e1cter regional o local que refuercen el rol de la comunicaci\u00f3n en el desarrollo social y cultural de nuestro pa\u00eds. Para m\u00e1s informaci\u00f3n puede acceder al sitio web <a href=\"http:\/\/www.fondodemedios.gob.cl\/postulaqui\">www.fondodemedios.gob.cl\/postulaqui<\/a>, ah\u00ed se desplegar\u00e1 otro sitio en que podr\u00e1s ejecutar la idea de tu iniciativa.<\/p>\n<p>&nbsp;<\/p>\n","protected":false},"excerpt":{"rendered":"<p>En la oportunidad de destac\u00f3 que el objetivo busca financiar proyectos que rescaten la identidad propia de cada regi\u00f3n, informando sobre su acontecer econ\u00f3mico, social y cultural, fortaleciendo los procesos y estrategias educacionales de cada zona. En dependencias de la Delegaci\u00f3n Presidencial Provincial de Choapa se llev\u00f3 a cabo una<\/p>\n","protected":false},"author":1,"featured_media":3307,"comment_status":"open","ping_status":"open","sticky":false,"template":"","format":"standard","meta":{"footnotes":""},"categories":[12],"tags":[],"class_list":["post-3306","post","type-post","status-publish","format-standard","has-post-thumbnail","hentry","category-dppchoapa"],"_links":{"self":[{"href":"https:\/\/minutaregional.cl\/index.php?rest_route=\/wp\/v2\/posts\/3306","targetHints":{"allow":["GET"]}}],"collection":[{"href":"https:\/\/minutaregional.cl\/index.php?rest_route=\/wp\/v2\/posts"}],"about":[{"href":"https:\/\/minutaregional.cl\/index.php?rest_route=\/wp\/v2\/types\/post"}],"author":[{"embeddable":true,"href":"https:\/\/minutaregional.cl\/index.php?rest_route=\/wp\/v2\/users\/1"}],"replies":[{"embeddable":true,"href":"https:\/\/minutaregional.cl\/index.php?rest_route=%2Fwp%2Fv2%2Fcomments&post=3306"}],"version-history":[{"count":1,"href":"https:\/\/minutaregional.cl\/index.php?rest_route=\/wp\/v2\/posts\/3306\/revisions"}],"predecessor-version":[{"id":3308,"href":"https:\/\/minutaregional.cl\/index.php?rest_route=\/wp\/v2\/posts\/3306\/revisions\/3308"}],"wp:featuredmedia":[{"embeddable":true,"href":"https:\/\/minutaregional.cl\/index.php?rest_route=\/wp\/v2\/media\/3307"}],"wp:attachment":[{"href":"https:\/\/minutaregional.cl\/index.php?rest_route=%2Fwp%2Fv2%2Fmedia&parent=3306"}],"wp:term":[{"taxonomy":"category","embeddable":true,"href":"https:\/\/minutaregional.cl\/index.php?rest_route=%2Fwp%2Fv2%2Fcategories&post=3306"},{"taxonomy":"post_tag","embeddable":true,"href":"https:\/\/minutaregional.cl\/index.php?rest_route=%2Fwp%2Fv2%2Ftags&post=3306"}],"curies":[{"name":"wp","href":"https:\/\/api.w.org\/{rel}","templated":true}]}}