{"id":3303,"date":"2024-03-21T11:19:58","date_gmt":"2024-03-21T11:19:58","guid":{"rendered":"https:\/\/minutaregional.cl\/?p=3303"},"modified":"2024-03-22T11:22:02","modified_gmt":"2024-03-22T11:22:02","slug":"presidente-gabriel-boric-anuncia-medidas-de-alivio-tributario-para-enfrentar-la-sequia-en-la-region-de-coquimbo","status":"publish","type":"post","link":"https:\/\/minutaregional.cl\/?p=3303","title":{"rendered":"Presidente Gabriel Boric anuncia medidas de alivio tributario para enfrentar la sequ\u00eda en la Regi\u00f3n de Coquimbo"},"content":{"rendered":"<ul>\n<li><strong><em>Las medidas, entregadas por el mandatario, se dieron en medio de su discurso en la inauguraci\u00f3n de la desaladora en puerto Punta Chungo, que permitir\u00e1 utilizar agua de mar en la operaci\u00f3n de la minera Los Pelambres.<\/em><\/strong><\/li>\n<\/ul>\n<p>La Regi\u00f3n de Coquimbo atraviesa hoy una grave situaci\u00f3n de escasez h\u00eddrica, producto de una prolongada sequ\u00eda que se extiende por todo su territorio. Este fen\u00f3meno, que ha sido catalogado como cat\u00e1strofe desde el 2012, persiste impactando sectores clave como el desarrollo productivo, minero, agr\u00edcola, comercial y tur\u00edstico.<\/p>\n<p>Por este motivo, el Presidente de la Rep\u00fablica, Gabriel Boric Font, anunci\u00f3 un paquete de medidas en materia tributaria para enfrentar la escasez h\u00eddrica\u00a0en\u00a0la\u00a0regi\u00f3n.<\/p>\n<p><strong>\u201cSabemos que esto era esperado, particularmente, por quienes se han visto afectados por la sequ\u00eda y vamos a seguir trabajando permanentemente para apoyar a quienes lo necesiten y quienes est\u00e1n enfrentando esta tremenda crisis\u201d,<\/strong> coment\u00f3 el Presidente\u00a0Boric.<\/p>\n<p>Este alivio tributario contempla varias medidas, que incluyen la postergaci\u00f3n del pago de contribuciones y la condonaci\u00f3n de impuestos por retraso en el pago para los predios rurales. Adem\u00e1s, abarca la suspensi\u00f3n de subastas de estos predios, as\u00ed como la pr\u00f3rroga del pago de patentes mineras para mineros peque\u00f1os y artesanales que posean concesiones de igual o menor tama\u00f1o a 100 hect\u00e1reas, entre otras disposiciones.<\/p>\n<p>El Delegado Presidencial Regional, Galo Luna Penna, valor\u00f3 el anuncio, asegurando que <strong>\u201cnos va a permitir llegar con medidas de alivio financiero y tributario a peque\u00f1os, grandes y medianos agricultores que hoy se est\u00e1n viendo muy afectados producto de la baja en la productividad dada la escasez de agua\u201d,<\/strong> coment\u00f3 la autoridad regional.<\/p>\n<p>En este contexto, el Ministro de Hacienda, Mario Marcel, subray\u00f3 que estas iniciativas comenzar\u00e1n a regir de manera inmediata. <strong>\u00abLos plazos para ejercer estas facultades son los que se indican en cada caso, as\u00ed que hay varios meses todav\u00eda para que los servicios correspondientes ejerzan estas facultades y, por lo tanto, invitamos a los contribuyentes a que se acerquen a las instituciones correspondientes a precisar sus beneficios y poder demandarlos\u201d. <\/strong><\/p>\n<h2><strong>Las medidas anunciadas<\/strong><\/h2>\n<p>El anuncio apunta a medidas excepcionales y extraordinarias en materia tributaria relacionadas con el pago de impuesto territorial y patentes mineras.<\/p>\n<p>1) <strong>Se ampl\u00eda el plazo para pagar la primera, segunda, tercera y cuarta cuota del impuesto territorial del a\u00f1o 2024<\/strong>, postergando su pago para las mismas cuotas del a\u00f1o 2025. Esta ampliaci\u00f3n aplicar\u00e1 respecto de inmuebles que se encuentren emplazados en la regi\u00f3n de Coquimbo, siempre que los mismos hubiesen sido calificados como predios rurales seg\u00fan el Servicio de Impuestos Internos.<\/p>\n<p>2<strong>) Se faculta a la Tesorer\u00eda General de la Rep\u00fablica para dar facilidades de pago a trav\u00e9s de convenios especiales<\/strong>, de las cuotas de impuesto territorial que se devenguen durante el a\u00f1o 2024 respecto de los mismos inmuebles que se indican en el n\u00famero 1 anterior.<\/p>\n<p>3) Se faculta a la Tesorer\u00eda General de la Rep\u00fablica y al Servicio de Impuestos Internos hasta el 30 de septiembre de 2024, para <strong>condonar, total o parcialmente, los intereses aplicables por el pago fuera de plazo de las cuotas de impuesto territorial,<\/strong> respecto de los mismos inmuebles indicado en el n\u00famero 1 anterior.<\/p>\n<p>4) Se autoriza a la Tesorer\u00eda General de la Rep\u00fablica para <strong>suspender hasta el 30 de septiembre de 2024, las subastas p\u00fablicas de los mismos inmuebles<\/strong> indicados en el n\u00famero 1 anterior, por concepto de deudas morosas en el pago del Impuesto Territorial generadas entre el 1 de enero de 2012 y el 31 de diciembre de 2023.<\/p>\n<p>5) Se autoriza a la Tesorer\u00eda General de la Rep\u00fablica para <strong>prorrogar hasta el mes de marzo de 2025, el plazo para el pago de la patente anual de los peque\u00f1os mineros y mineros artesanales en la regi\u00f3n<\/strong> de Coquimbo, que se debieron pagar en el mes de marzo de 2024. Esta medida s\u00f3lo beneficiar\u00e1 a las concesiones mineras iguales o menores a 100 hect\u00e1reas de superficie, de peque\u00f1os mineros y mineros artesanales que se ubiquen en la regi\u00f3n de Coquimbo.<\/p>\n<p>6) Se autoriza al Servicio de Impuestos Internos y a la Tesorer\u00eda General de la Rep\u00fablica para <strong>condonar los intereses penales, multas, recargos y reajustes por la mora en el pago anual de las patentes mineras que amparan la exploraci\u00f3n y explotaci\u00f3n de los peque\u00f1os mineros<\/strong> y mineros artesanales, respecto a la cuota que se deb\u00eda pagar en el mes de marzo del presente a\u00f1o y que se hubieran generado a la fecha en que se publique este decreto. Esta medida s\u00f3lo beneficiar\u00e1 a las concesiones mineras se\u00f1aladas en el n\u00famero 5 anterior.<\/p>\n<p>7) Se faculta a la Tesorer\u00eda General de la Rep\u00fablica a solicitar a los Tribunales de Justicia la <strong>suspensi\u00f3n de la publicaci\u00f3n de subastas decretadas en procesos de desamparo de concesiones mineras con patentes impagas y en procesos de cobro de patentes por no aprovechamiento de derechos de aguas<\/strong> en la regi\u00f3n de Coquimbo. El plazo de suspensi\u00f3n podr\u00e1 ser prorrogado cuantas veces sea necesario, durante la vigencia de la declaraci\u00f3n de zonas afectadas\u00a0por\u00a0cat\u00e1strofe.<\/p>\n","protected":false},"excerpt":{"rendered":"<p>Las medidas, entregadas por el mandatario, se dieron en medio de su discurso en la inauguraci\u00f3n de la desaladora en puerto Punta Chungo, que permitir\u00e1 utilizar agua de mar en la operaci\u00f3n de la minera Los Pelambres. La Regi\u00f3n de Coquimbo atraviesa hoy una grave situaci\u00f3n de escasez h\u00eddrica, producto<\/p>\n","protected":false},"author":1,"featured_media":3304,"comment_status":"open","ping_status":"open","sticky":false,"template":"","format":"standard","meta":{"footnotes":""},"categories":[52,1],"tags":[],"class_list":["post-3303","post","type-post","status-publish","format-standard","has-post-thumbnail","hentry","category-dpr-coquimbo","category-noticias-regionales"],"_links":{"self":[{"href":"https:\/\/minutaregional.cl\/index.php?rest_route=\/wp\/v2\/posts\/3303","targetHints":{"allow":["GET"]}}],"collection":[{"href":"https:\/\/minutaregional.cl\/index.php?rest_route=\/wp\/v2\/posts"}],"about":[{"href":"https:\/\/minutaregional.cl\/index.php?rest_route=\/wp\/v2\/types\/post"}],"author":[{"embeddable":true,"href":"https:\/\/minutaregional.cl\/index.php?rest_route=\/wp\/v2\/users\/1"}],"replies":[{"embeddable":true,"href":"https:\/\/minutaregional.cl\/index.php?rest_route=%2Fwp%2Fv2%2Fcomments&post=3303"}],"version-history":[{"count":1,"href":"https:\/\/minutaregional.cl\/index.php?rest_route=\/wp\/v2\/posts\/3303\/revisions"}],"predecessor-version":[{"id":3305,"href":"https:\/\/minutaregional.cl\/index.php?rest_route=\/wp\/v2\/posts\/3303\/revisions\/3305"}],"wp:featuredmedia":[{"embeddable":true,"href":"https:\/\/minutaregional.cl\/index.php?rest_route=\/wp\/v2\/media\/3304"}],"wp:attachment":[{"href":"https:\/\/minutaregional.cl\/index.php?rest_route=%2Fwp%2Fv2%2Fmedia&parent=3303"}],"wp:term":[{"taxonomy":"category","embeddable":true,"href":"https:\/\/minutaregional.cl\/index.php?rest_route=%2Fwp%2Fv2%2Fcategories&post=3303"},{"taxonomy":"post_tag","embeddable":true,"href":"https:\/\/minutaregional.cl\/index.php?rest_route=%2Fwp%2Fv2%2Ftags&post=3303"}],"curies":[{"name":"wp","href":"https:\/\/api.w.org\/{rel}","templated":true}]}}