{"id":3300,"date":"2024-03-22T11:05:29","date_gmt":"2024-03-22T11:05:29","guid":{"rendered":"https:\/\/minutaregional.cl\/?p=3300"},"modified":"2024-03-22T11:05:29","modified_gmt":"2024-03-22T11:05:29","slug":"consejeros-regionales-y-gobierno-afianzan-trabajo-conjunto-para-enfrentar-la-crisis-hidrica","status":"publish","type":"post","link":"https:\/\/minutaregional.cl\/?p=3300","title":{"rendered":"Consejeros regionales y Gobierno afianzan trabajo conjunto para enfrentar la crisis h\u00eddrica"},"content":{"rendered":"<ul>\n<li><strong><em>Como parte del trabajo de la Comisi\u00f3n de Aguas y recursos H\u00eddricos participaron en reuni\u00f3n ampliada el delegado Presidencial Regional, Galo Luna, junto a representantes de la Direcci\u00f3n de Obras Hidr\u00e1ulicas y Direcci\u00f3n General de Aguas, del MOP; y la Comisi\u00f3n Nacional de Riego. <\/em><\/strong><\/li>\n<\/ul>\n<p>Dando continuidad y fluidez al trabajo de la comisi\u00f3n de Aguas y Recursos H\u00eddricos del Consejo Regional, se realiz\u00f3 una reuni\u00f3n ampliada para contar con informaci\u00f3n detallada que permita agilizar las medidas de emergencia y responder de mejor manera ante el cr\u00edtico escenario regional.<\/p>\n<p>En esta oportunidad, particip\u00f3 el Delegado Presidencial Regional, Galo Luna, junto a representantes de los servicios m\u00e1s estrechamente relacionados con el agua para consumo humano y uso productivo, como son la Direcci\u00f3n de Obras Hidr\u00e1ulicas (DOH) y Direcci\u00f3n General de Aguas (DGA), del MOP; y Comisi\u00f3n Nacional de Riego, dependiente del Ministerio de Agricultura.<\/p>\n<p>\u201cEstamos en una situaci\u00f3n de terremoto silencioso en la regi\u00f3n y, como comisi\u00f3n, buscamos congregar a las autoridades, rubros productivos, los APR para llegar a los acuerdos necesarios para salir delante de esta situaci\u00f3n h\u00eddrica que nos tiene con el consumo humano en riesgo, adem\u00e1s, con una grave crisis agr\u00edcola, sobre todo porque se vislumbra un 2024 complicado y si los pron\u00f3sticos se cumplen, el 2024 vamos a tener una crisis a\u00fan peor\u201d, detall\u00f3 el presidente de la comisi\u00f3n y CORE por Choapa, Cristian Rondanelli.<\/p>\n<p>Por su parte, el Delegado Presidencial, Galo Luna, destac\u00f3 la disposici\u00f3n de las y los consejeros regionales para trabajar en conjunto en busca de soluciones frente a la crisis h\u00eddrica. Adem\u00e1s, puntualiz\u00f3 que \u201chemos tomado compromisos, y vamos a seguir trabajando en las materias de inter\u00e9s, como soluciones de emergencia para consumo humano, habilitaci\u00f3n de pozos y peque\u00f1as obras de acumulaci\u00f3n de aguas, que permitan hacer m\u00e1s eficiente el riego. As\u00ed que agradecemos la instancia, este va a ser un trabajo permanente dado las necesidades de la regi\u00f3n\u201d.<\/p>\n<p>Durante el encuentro se adelant\u00f3 el anuncio realizado por el Presidente Gabriel Boric en su visita a Los Vilos, respecto del Decreto Supremo que permitir\u00e1 implementar medidas de alivio financiero y tributario a los principales afectados.<\/p>\n<p><strong>Habilitaci\u00f3n de pozos y otras alternativas <\/strong><\/p>\n<p>Uno de los temas prioritarios, y por los que se convoc\u00f3 esta reuni\u00f3n ampliada, es la habilitaci\u00f3n de pozos construidos por diferentes actores y entidades y que hoy no est\u00e1n funcionando, sobre lo que la DOH inform\u00f3 con detalle sobre este proceso.<\/p>\n<p>\u201cNo hab\u00edamos tenido la oportunidad de conversar con el director de la DOH ampliamente, pero tambi\u00e9n quiero destacar el compromiso del Delegado Presidencial, Galo Luna, con quien tambi\u00e9n hemos estado viendo el tema del bombardeo de nubes, que es una opci\u00f3n a la que no nos podemos cerrar, o el proyecto Aquatacama, que es un proyecto estructural en la regi\u00f3n y que podr\u00eda brindar una soluci\u00f3n de aqu\u00ed a 5 o 6 a\u00f1os, pero que asegurar\u00eda el agua para consumo humano y uso agr\u00edcola y otros rubros productivos de la regi\u00f3n\u201d, agreg\u00f3 Rondanelli.<\/p>\n<p>El consejero por Limar\u00ed, Wladimir Pleticosic, se detuvo en la mirada de corto, mediano y largo plazo que se debe mantener de forma permanente.<\/p>\n<p>\u201cDesde lo inmediato le hemos solicitado a la Delegaci\u00f3n Presidencial que ponga en marcha este decreto de escasez h\u00eddrica para que los servicios puedan destrabar todos los elementos administrativos que no nos dejan avanzar para que podamos llegar con soluciones inmediatas, en relaci\u00f3n a habilitar pozos, planificar nuevamente la distribuci\u00f3n del recurso h\u00eddrico a trav\u00e9s de camiones aljibe, ver d\u00f3nde podemos suplir camiones aljjibe con fuentes permanentes de agua, con algunos recursos inmediatos del Ministerio de Interior, a trav\u00e9s de la emergencia, adem\u00e1s de disponer recursos del 5% que maneja el Gobierno Regional\u201d, entre otras alternativas.<\/p>\n<p>Asimismo, el consejero por Elqui, Javier Vega, destac\u00f3 el rol permanente del CORE de di\u00e1logo y trabajo permanente con los distintos actores relacionados al agua, lo que ha permitido al cuerpo colegiado poner soluciones sobre la mesa.<\/p>\n<p>\u201cLo relevante de esta reuni\u00f3n es que se est\u00e1 haciendo un trabajo colaborativo, con una gobernanza preocupada de esta crisis h\u00eddrica. Sabemos que la ciudadan\u00eda est\u00e1 esperando respuestas porque la crisis est\u00e1 encima y desde el consejo Regional estamos barajando todas esta alternativas y hoy pedimos celeridad al Delegado Presidencial para las distintas acciones que nos permitan avanzar en este trabajo, esperando que el Gobierno Regional tambi\u00e9n se integre, para que todos rememos en la misma direcci\u00f3n\u201d, finaliz\u00f3 Vega.<\/p>\n","protected":false},"excerpt":{"rendered":"<p>Como parte del trabajo de la Comisi\u00f3n de Aguas y recursos H\u00eddricos participaron en reuni\u00f3n ampliada el delegado Presidencial Regional, Galo Luna, junto a representantes de la Direcci\u00f3n de Obras Hidr\u00e1ulicas y Direcci\u00f3n General de Aguas, del MOP; y la Comisi\u00f3n Nacional de Riego. Dando continuidad y fluidez al trabajo<\/p>\n","protected":false},"author":1,"featured_media":3301,"comment_status":"open","ping_status":"open","sticky":false,"template":"","format":"standard","meta":{"footnotes":""},"categories":[1],"tags":[],"class_list":["post-3300","post","type-post","status-publish","format-standard","has-post-thumbnail","hentry","category-noticias-regionales"],"_links":{"self":[{"href":"https:\/\/minutaregional.cl\/index.php?rest_route=\/wp\/v2\/posts\/3300","targetHints":{"allow":["GET"]}}],"collection":[{"href":"https:\/\/minutaregional.cl\/index.php?rest_route=\/wp\/v2\/posts"}],"about":[{"href":"https:\/\/minutaregional.cl\/index.php?rest_route=\/wp\/v2\/types\/post"}],"author":[{"embeddable":true,"href":"https:\/\/minutaregional.cl\/index.php?rest_route=\/wp\/v2\/users\/1"}],"replies":[{"embeddable":true,"href":"https:\/\/minutaregional.cl\/index.php?rest_route=%2Fwp%2Fv2%2Fcomments&post=3300"}],"version-history":[{"count":1,"href":"https:\/\/minutaregional.cl\/index.php?rest_route=\/wp\/v2\/posts\/3300\/revisions"}],"predecessor-version":[{"id":3302,"href":"https:\/\/minutaregional.cl\/index.php?rest_route=\/wp\/v2\/posts\/3300\/revisions\/3302"}],"wp:featuredmedia":[{"embeddable":true,"href":"https:\/\/minutaregional.cl\/index.php?rest_route=\/wp\/v2\/media\/3301"}],"wp:attachment":[{"href":"https:\/\/minutaregional.cl\/index.php?rest_route=%2Fwp%2Fv2%2Fmedia&parent=3300"}],"wp:term":[{"taxonomy":"category","embeddable":true,"href":"https:\/\/minutaregional.cl\/index.php?rest_route=%2Fwp%2Fv2%2Fcategories&post=3300"},{"taxonomy":"post_tag","embeddable":true,"href":"https:\/\/minutaregional.cl\/index.php?rest_route=%2Fwp%2Fv2%2Ftags&post=3300"}],"curies":[{"name":"wp","href":"https:\/\/api.w.org\/{rel}","templated":true}]}}