{"id":3293,"date":"2023-10-11T18:51:32","date_gmt":"2023-10-11T18:51:32","guid":{"rendered":"https:\/\/minutaregional.cl\/?p=3293"},"modified":"2023-10-11T18:53:49","modified_gmt":"2023-10-11T18:53:49","slug":"estoques-elementos-para-cometer-delitos-y-una-pistola-fueron-parte-de-lo-decomisado-por-carabineros-tras-desalojo-de-la-recova-marina-en-coquimbo","status":"publish","type":"post","link":"https:\/\/minutaregional.cl\/?p=3293","title":{"rendered":"Estoques, elementos para cometer delitos y una pistola fueron parte de lo decomisado por Carabineros tras desalojo de la Recova Marina en Coquimbo"},"content":{"rendered":"<audio class=\"wp-audio-shortcode\" id=\"audio-3293-1\" preload=\"none\" style=\"width: 100%;\" controls=\"controls\"><source type=\"audio\/ogg\" src=\"https:\/\/minutaregional.cl\/wp-content\/uploads\/2023\/10\/WhatsApp-Audio-2023-10-11-at-15.27.37.ogg?_=1\" \/><a href=\"https:\/\/minutaregional.cl\/wp-content\/uploads\/2023\/10\/WhatsApp-Audio-2023-10-11-at-15.27.37.ogg\">https:\/\/minutaregional.cl\/wp-content\/uploads\/2023\/10\/WhatsApp-Audio-2023-10-11-at-15.27.37.ogg<\/a><\/audio>\n<p>AUDIO : Capit\u00e1n Sergio Bravo, de la Segunda Comisar\u00eda Coquimbo.<\/p>\n<p style=\"text-align: justify;\">En un nuevo despliegue conjunto para la recuperaci\u00f3n de espacios p\u00fablicos, Carabineros y la Municipalidad de Coquimbo y con la Direcci\u00f3n de Seguridad Publica, dirigida por su Director (s) Jaime Rojas, intervinieron el sector de la Recova Marina, ubicada a un costado de la caleta y edificio que, hasta hoy, se mantiene sin ser utilizado.<br \/>\nEl trabajo de desocupaci\u00f3n comenz\u00f3 pasadas las 10:30 de este mi\u00e9rcoles, e incluy\u00f3 un amplio despliegue tanto de inspectores como de carabineros, quienes durante toda la ma\u00f1ana realizaron la intervenci\u00f3n y limpieza del inmueble abandonado, a fin de retirar los rucos y escombros que se manten\u00edan en su interior. De acuerdo al Capit\u00e1n Sergio Bravo, de la Segunda Comisar\u00eda Coquimbo, \u201ceste trabajo conjunto est\u00e1 enfocado en disminuir espacios para incivilidades, entendiendo que este tipo de conductas pueden generar inseguridad en la comunidad, especialmente despu\u00e9s de los \u00faltimos hechos en la comuna. A trav\u00e9s de la recuperaci\u00f3n de espacios, estamos tambi\u00e9n recuperando la tranquilidad para los vecinos de la ciudad puerto\u201d, indic\u00f3.<br \/>\nDentro de los elementos incautados tras el operativo, se encuentran diversos elementos para cometer delitos, como herramientas, cuchillos y estoques de fabricaci\u00f3n artesanal, adem\u00e1s de una pistola de aire comprimido, un computador y partes de veh\u00edculo.<\/p>\n","protected":false},"excerpt":{"rendered":"<p>AUDIO : Capit\u00e1n Sergio Bravo, de la Segunda Comisar\u00eda Coquimbo. En un nuevo despliegue conjunto para la recuperaci\u00f3n de espacios p\u00fablicos, Carabineros y la Municipalidad de Coquimbo y con la Direcci\u00f3n de Seguridad Publica, dirigida por su Director (s) Jaime Rojas, intervinieron el sector de la Recova Marina, ubicada a<\/p>\n","protected":false},"author":1,"featured_media":3294,"comment_status":"closed","ping_status":"open","sticky":false,"template":"","format":"standard","meta":{"footnotes":""},"categories":[21,1],"tags":[],"class_list":["post-3293","post","type-post","status-publish","format-standard","has-post-thumbnail","hentry","category-municipalidades","category-noticias-regionales"],"_links":{"self":[{"href":"https:\/\/minutaregional.cl\/index.php?rest_route=\/wp\/v2\/posts\/3293","targetHints":{"allow":["GET"]}}],"collection":[{"href":"https:\/\/minutaregional.cl\/index.php?rest_route=\/wp\/v2\/posts"}],"about":[{"href":"https:\/\/minutaregional.cl\/index.php?rest_route=\/wp\/v2\/types\/post"}],"author":[{"embeddable":true,"href":"https:\/\/minutaregional.cl\/index.php?rest_route=\/wp\/v2\/users\/1"}],"replies":[{"embeddable":true,"href":"https:\/\/minutaregional.cl\/index.php?rest_route=%2Fwp%2Fv2%2Fcomments&post=3293"}],"version-history":[{"count":3,"href":"https:\/\/minutaregional.cl\/index.php?rest_route=\/wp\/v2\/posts\/3293\/revisions"}],"predecessor-version":[{"id":3298,"href":"https:\/\/minutaregional.cl\/index.php?rest_route=\/wp\/v2\/posts\/3293\/revisions\/3298"}],"wp:featuredmedia":[{"embeddable":true,"href":"https:\/\/minutaregional.cl\/index.php?rest_route=\/wp\/v2\/media\/3294"}],"wp:attachment":[{"href":"https:\/\/minutaregional.cl\/index.php?rest_route=%2Fwp%2Fv2%2Fmedia&parent=3293"}],"wp:term":[{"taxonomy":"category","embeddable":true,"href":"https:\/\/minutaregional.cl\/index.php?rest_route=%2Fwp%2Fv2%2Fcategories&post=3293"},{"taxonomy":"post_tag","embeddable":true,"href":"https:\/\/minutaregional.cl\/index.php?rest_route=%2Fwp%2Fv2%2Ftags&post=3293"}],"curies":[{"name":"wp","href":"https:\/\/api.w.org\/{rel}","templated":true}]}}