{"id":3289,"date":"2023-10-05T01:40:52","date_gmt":"2023-10-05T01:40:52","guid":{"rendered":"https:\/\/minutaregional.cl\/?p=3289"},"modified":"2023-10-05T01:40:52","modified_gmt":"2023-10-05T01:40:52","slug":"desde-proyectos-de-turismo-embarcaciones-y-nueva-maquinaria-podran-financiar-28-organizaciones-de-pescadores-y-pescadoras-con-apoyo-del-gore-e-indespa","status":"publish","type":"post","link":"https:\/\/minutaregional.cl\/?p=3289","title":{"rendered":"Desde proyectos de turismo, embarcaciones y nueva maquinaria podr\u00e1n financiar 28 organizaciones de pescadores y pescadoras con apoyo del Gore e Indespa"},"content":{"rendered":"<p style=\"text-align: justify;\"><strong>Martes 03 de octubre de 2023<\/strong><strong>.-<\/strong> \u201cLa embarcaci\u00f3n y el motor fuera de borda va a beneficiar de manera considerable para desarrollar nuestros estudios de seguimiento, el cuidado de \u00e1rea, la vigilancia en el mar y cosechas en nuestra \u00e1rea de manejo, todo con mayor libertad\u201d, dice <strong>C\u00e9sar Varas, presidente del sindicato de pescadores artesanales y buzos mariscadores Bah\u00eda Los Vilos<\/strong> tras adjudicarse cerca de veinti\u00fan millones de pesos para la adquisici\u00f3n de una nueva embarcaci\u00f3n con motor fuera de borda que ayudar\u00e1 en sus faenas productivas, en el \u00e1rea de manejo y explotaci\u00f3n de recursos bent\u00f3nicos que administran\u00a0 en la bah\u00eda de Los Vilos.<\/p>\n<p style=\"text-align: justify;\">El dirigente valor\u00f3 el apoyo como organizaci\u00f3n al adjudicarse por primera vez fondos en este tipo de convocatoria, situaci\u00f3n que los tiene gratamente motivados.\u00a0 \u201cNuestro sindicato tiene setenta y un socios, cinco de ellas mujeres, que llevan a cargo distintas labores de pesca como buceo y recolecci\u00f3n de algas\u201d, afirm\u00f3 el pescador.<\/p>\n<p style=\"text-align: justify;\">La organizaci\u00f3n de Los Vilos es una de las veintiocho postulantes seleccionadas en el programa regional <strong>\u201cFomento Productivo al Desarrollo de la Pesca Artesanal en la regi\u00f3n de Coquimbo\u201d<\/strong>, que financia el Gobierno Regional de Coquimbo y el Instituto Nacional de Desarrollo Sustentable de la Pesca Artesanal y de la Acuicultura de Peque\u00f1a Escala, Indespa.<\/p>\n<p style=\"text-align: justify;\">El <strong>director ejecutivo de Indespa, Leonardo Llanos,<\/strong> precis\u00f3 que \u00abcomo Indespa tenemos la misi\u00f3n de promover el desarrollo sustentable de la pesca artesanal a trav\u00e9s \u00a0la ejecuci\u00f3n de programas de fomento productivo y acciones de coordinaci\u00f3n interinstitucional como\u00a0 esta iniciativa, que impulsamos junto al Gobierno Regional en beneficio directo de las y los pescadores artesanales de la regi\u00f3n. Son m\u00e1s de setecientos millones y valioso equipamiento y maquinaria para apoyar, hacer m\u00e1s eficientes y fortalecer la capacidad productiva de este importante sector de la econom\u00eda local\u00bb.<\/p>\n<p style=\"text-align: justify;\"><strong>Eduardo Calder\u00f3n, presidente del sindicato de tripulantes artesanales cerqueros de Coquimbo<\/strong>, agradeci\u00f3 el apoyo de Indespa para la iniciativa en la que se adjudicaron cerca de cuarenta millones de pesos. \u201cNuestro sindicato ha sido beneficiado, por primera vez, el cual beneficia a setenta y cuatro asociados con ropa impermeable, chaqueta y pantal\u00f3n, ropa de abrigo, pantal\u00f3n, primera capa, chaqueta; zapatos de seguridad y chalecos salvavidas. Con esto nuestros asociados podr\u00e1n contar con implementaci\u00f3n adecuada y de calidad para el trabajo que realizamos a bordo de las embarcaciones que tripulamos\u201d, explic\u00f3 el dirigente.<\/p>\n<p style=\"text-align: justify;\">Otro de los proyectos apoyados fue de <strong>la organizaci\u00f3n comunitaria Turismo Azul Chungungo, en la comuna de La Higuera<\/strong>, quienes obtuvieron recursos por cuarenta millones de pesos para la adquisici\u00f3n de activos y equipamiento e indumentaria de seguridad. \u201cEstamos super contentos de poder cumplir con uno de los sue\u00f1os de poder tener un bote que cumpla con todos los requisitos\u2026Nosotros empezamos por una necesidad de que llegaban muchos turistas y quer\u00edan paseos en bote y la idea era promocionar el turismo en nuestro pueblo. Comenzamos dando vueltas a ni\u00f1os de nuestra comuna que son de zonas sin mar, y de ah\u00ed comenzamos invitando a agencias de turismo y as\u00ed empezamos\u201d, precis\u00f3 <strong>Macarena Olivares, presidenta de la organizaci\u00f3n<\/strong>.<\/p>\n<p style=\"text-align: justify;\"><strong>P\u00eda Castillo Bosselaar, Seremi de Econom\u00eda, Fomento y Turismo de la Regi\u00f3n de Coquimbo, <\/strong>destaca que \u201cfortalecer las capacidades productivas, la seguridad y el equipamiento de la pesca artesanal es uno de los ejes de nuestra gesti\u00f3n. Pescadoras y pescadores que trabajan mejor equipados pueden ser m\u00e1s eficientes, estar m\u00e1s seguros y con ello, contribuir a\u00fan m\u00e1s al desarrollo integral de sus caletas, comunidades y familias. Felicitamos a cada una de las organizaciones ganadoras, en especial a sus socias mujeres y les invitamos a seguir trabajando juntos por el fortalecimiento de sus gremios y sindicatos\u201d.<\/p>\n<p style=\"text-align: justify;\">Entre las iniciativas financiadas los recursos ser\u00e1n destinados tambi\u00e9n a la adquisici\u00f3n e instalaci\u00f3n de una gr\u00faa con pluma hidr\u00e1ulica en la caleta R\u00edo Limar\u00ed; un cami\u00f3n de transporte para las faenas de la Cooperativa Algamar, un tractor para la asociaci\u00f3n gremial de Totoralillo, embarcaciones de trabajo, adquisici\u00f3n de un cami\u00f3n pluma y camiones con sistema de fr\u00edo, estudios de seguimiento, gr\u00faas horquilla y drones para la vigilancia de \u00e1reas de manejo.<\/p>\n<p style=\"text-align: justify;\">&#8212;&#8212;&#8212;&#8212;&#8212;&#8212;&#8212;&#8212;&#8212;&#8212;&#8212;&#8212;&#8212;&#8212;&#8212;<\/p>\n<p style=\"text-align: justify;\">Comunicaciones Indespa<\/p>\n<p style=\"text-align: justify;\">Tel\u00e9fono: 32 3254600-601<\/p>\n<p style=\"text-align: justify;\"><strong><a href=\"mailto:comunicaciones@indespa.cl\">comunicaciones@indespa.cl<\/a> <\/strong><\/p>\n","protected":false},"excerpt":{"rendered":"<p>Martes 03 de octubre de 2023.- \u201cLa embarcaci\u00f3n y el motor fuera de borda va a beneficiar de manera considerable para desarrollar nuestros estudios de seguimiento, el cuidado de \u00e1rea, la vigilancia en el mar y cosechas en nuestra \u00e1rea de manejo, todo con mayor libertad\u201d, dice C\u00e9sar Varas, presidente<\/p>\n","protected":false},"author":1,"featured_media":3290,"comment_status":"closed","ping_status":"open","sticky":false,"template":"","format":"standard","meta":{"footnotes":""},"categories":[1],"tags":[],"class_list":["post-3289","post","type-post","status-publish","format-standard","has-post-thumbnail","hentry","category-noticias-regionales"],"_links":{"self":[{"href":"https:\/\/minutaregional.cl\/index.php?rest_route=\/wp\/v2\/posts\/3289","targetHints":{"allow":["GET"]}}],"collection":[{"href":"https:\/\/minutaregional.cl\/index.php?rest_route=\/wp\/v2\/posts"}],"about":[{"href":"https:\/\/minutaregional.cl\/index.php?rest_route=\/wp\/v2\/types\/post"}],"author":[{"embeddable":true,"href":"https:\/\/minutaregional.cl\/index.php?rest_route=\/wp\/v2\/users\/1"}],"replies":[{"embeddable":true,"href":"https:\/\/minutaregional.cl\/index.php?rest_route=%2Fwp%2Fv2%2Fcomments&post=3289"}],"version-history":[{"count":1,"href":"https:\/\/minutaregional.cl\/index.php?rest_route=\/wp\/v2\/posts\/3289\/revisions"}],"predecessor-version":[{"id":3291,"href":"https:\/\/minutaregional.cl\/index.php?rest_route=\/wp\/v2\/posts\/3289\/revisions\/3291"}],"wp:featuredmedia":[{"embeddable":true,"href":"https:\/\/minutaregional.cl\/index.php?rest_route=\/wp\/v2\/media\/3290"}],"wp:attachment":[{"href":"https:\/\/minutaregional.cl\/index.php?rest_route=%2Fwp%2Fv2%2Fmedia&parent=3289"}],"wp:term":[{"taxonomy":"category","embeddable":true,"href":"https:\/\/minutaregional.cl\/index.php?rest_route=%2Fwp%2Fv2%2Fcategories&post=3289"},{"taxonomy":"post_tag","embeddable":true,"href":"https:\/\/minutaregional.cl\/index.php?rest_route=%2Fwp%2Fv2%2Ftags&post=3289"}],"curies":[{"name":"wp","href":"https:\/\/api.w.org\/{rel}","templated":true}]}}