{"id":3284,"date":"2023-09-28T23:28:54","date_gmt":"2023-09-28T23:28:54","guid":{"rendered":"https:\/\/minutaregional.cl\/?p=3284"},"modified":"2023-09-28T23:28:54","modified_gmt":"2023-09-28T23:28:54","slug":"ine-coquimbo-conformo-todas-las-comisiones-censales-en-la-region","status":"publish","type":"post","link":"https:\/\/minutaregional.cl\/?p=3284","title":{"rendered":"INE Coquimbo Conform\u00f3 Todas las Comisiones Censales en la Regi\u00f3n"},"content":{"rendered":"<p>Se comienzan a organizar las Subcomisiones Regionales de Trabajo en Log\u00edstica, Transporte, Comunicaciones, Seguridad y Reclutamiento y Selecci\u00f3n.<\/p>\n<p style=\"text-align: justify;\">Un paso m\u00e1s en la conformaci\u00f3n de la estructura censal a nivel regional dio Coquimbo, tras la constituci\u00f3n de todas las comisiones censales en un per\u00edodo de cuatro meses, dentro de las que se consideran las instancias regionales, provinciales y comunales; siendo las \u00faltimas en conformarse las comunas de Coquimbo, Los Vilos, Salamanca, Paihuano y Vicu\u00f1a.<\/p>\n<p style=\"text-align: justify;\">Dichas comisiones, son una parte fundamental del proceso, ya que es donde se definir\u00e1n y adoptar\u00e1n las medidas necesarias para garantizar el adecuado desarrollo del pr\u00f3ximo Censo de Poblaci\u00f3n y Vivienda, que se concretar\u00e1 entre marzo y junio de 2024.<\/p>\n<p style=\"text-align: justify;\">En este contexto, Marcela Puz, directora regional de INE Coquimbo, se refiri\u00f3 a los desaf\u00edos que implica el operativo. <em>\u201cEstamos hablando de contrataci\u00f3n de personas; vamos a utilizar dispositivos m\u00f3viles de captura para poder levantar el Censo, es decir, vamos a aprovechar la tecnolog\u00eda; necesitamos instalar locales censales. Son muchos los desaf\u00edos que debemos abarcar, por lo tanto, debemos estar muy bien coordinados, ya que es lo que finalmente nos va a garantizar un buen Censo de Poblaci\u00f3n y Vivienda\u201d.<\/em><\/p>\n<p style=\"text-align: justify;\">Los siguientes pasos de preparaci\u00f3n ya se comenzaron a planificar, y consideran la organizaci\u00f3n y desarrollo de las Subcomisiones Regionales de Trabajo en Log\u00edstica, Transporte, Comunicaciones, Seguridad y Reclutamiento y Selecci\u00f3n del Censo de Poblaci\u00f3n y Vivienda 2024.<\/p>\n<p style=\"text-align: justify;\">\n","protected":false},"excerpt":{"rendered":"<p>Se comienzan a organizar las Subcomisiones Regionales de Trabajo en Log\u00edstica, Transporte, Comunicaciones, Seguridad y Reclutamiento y Selecci\u00f3n. Un paso m\u00e1s en la conformaci\u00f3n de la estructura censal a nivel regional dio Coquimbo, tras la constituci\u00f3n de todas las comisiones censales en un per\u00edodo de cuatro meses, dentro de las<\/p>\n","protected":false},"author":1,"featured_media":3285,"comment_status":"closed","ping_status":"closed","sticky":false,"template":"","format":"standard","meta":{"footnotes":""},"categories":[1],"tags":[],"class_list":["post-3284","post","type-post","status-publish","format-standard","has-post-thumbnail","hentry","category-noticias-regionales"],"_links":{"self":[{"href":"https:\/\/minutaregional.cl\/index.php?rest_route=\/wp\/v2\/posts\/3284","targetHints":{"allow":["GET"]}}],"collection":[{"href":"https:\/\/minutaregional.cl\/index.php?rest_route=\/wp\/v2\/posts"}],"about":[{"href":"https:\/\/minutaregional.cl\/index.php?rest_route=\/wp\/v2\/types\/post"}],"author":[{"embeddable":true,"href":"https:\/\/minutaregional.cl\/index.php?rest_route=\/wp\/v2\/users\/1"}],"replies":[{"embeddable":true,"href":"https:\/\/minutaregional.cl\/index.php?rest_route=%2Fwp%2Fv2%2Fcomments&post=3284"}],"version-history":[{"count":1,"href":"https:\/\/minutaregional.cl\/index.php?rest_route=\/wp\/v2\/posts\/3284\/revisions"}],"predecessor-version":[{"id":3288,"href":"https:\/\/minutaregional.cl\/index.php?rest_route=\/wp\/v2\/posts\/3284\/revisions\/3288"}],"wp:featuredmedia":[{"embeddable":true,"href":"https:\/\/minutaregional.cl\/index.php?rest_route=\/wp\/v2\/media\/3285"}],"wp:attachment":[{"href":"https:\/\/minutaregional.cl\/index.php?rest_route=%2Fwp%2Fv2%2Fmedia&parent=3284"}],"wp:term":[{"taxonomy":"category","embeddable":true,"href":"https:\/\/minutaregional.cl\/index.php?rest_route=%2Fwp%2Fv2%2Fcategories&post=3284"},{"taxonomy":"post_tag","embeddable":true,"href":"https:\/\/minutaregional.cl\/index.php?rest_route=%2Fwp%2Fv2%2Ftags&post=3284"}],"curies":[{"name":"wp","href":"https:\/\/api.w.org\/{rel}","templated":true}]}}