{"id":3258,"date":"2023-09-08T20:53:19","date_gmt":"2023-09-08T20:53:19","guid":{"rendered":"https:\/\/minutaregional.cl\/?p=3258"},"modified":"2023-09-08T20:53:19","modified_gmt":"2023-09-08T20:53:19","slug":"profesionales-de-la-educacion-de-coquimbo-participan-en-ciclo-de-talleres-sobre-educacion-sexual-integral-con-enfoque-preventivo-de-violencia-de-genero","status":"publish","type":"post","link":"https:\/\/minutaregional.cl\/?p=3258","title":{"rendered":"Profesionales de la Educaci\u00f3n de Coquimbo participan en ciclo de talleres sobre Educaci\u00f3n Sexual Integral con enfoque preventivo de Violencia de g\u00e9nero"},"content":{"rendered":"<p style=\"text-align: justify;\"><strong><em>Este ciclo forma parte de la construcci\u00f3n de la Agenda para la Equidad de G\u00e9nero 2021 &#8211; 2024 impulsada por la municipalidad de Coquimbo.<\/em><\/strong><\/p>\n<p style=\"text-align: justify;\">Con el objetivo de entregar a establecimientos educativos de la comuna contenidos que permitan establecer o fortalecer planes de trabajo en materia de Educaci\u00f3n Sexual Integral y Perspectiva de G\u00e9nero, es que la municipalidad de Coquimbo, por medio del Departamento de Equidad de G\u00e9nero y Diversidad, impuls\u00f3 la realizaci\u00f3n de un ciclo de talleres en esta \u00e1rea, dirigidos a profesionales de la educaci\u00f3n de diversos colegios del territorio comunal.<\/p>\n<p style=\"text-align: justify;\">Durante cuatro meses, 48 profesionales del \u00e1mbito educacional, participaron en esta iniciativa y recibieron la respectiva acreditaci\u00f3n por participar en los talleres, que forman parte del proceso de formaci\u00f3n y educaci\u00f3n que impulsa el municipio porte\u00f1o sobre Educaci\u00f3n Sexual Integral y Perspectiva de G\u00e9nero, el que est\u00e1 enmarcado en la Estrategia Local para Prevenci\u00f3n de las Violencias de G\u00e9nero.<\/p>\n<p style=\"text-align: justify;\">Crist\u00f3bal Reyes, Director de Desarrollo Comunitario de la municipalidad de Coquimbo, valor\u00f3 que \u201cel municipio realiza un esfuerzo bastante importante para,\u00a0 con otras instituciones, entre estas el Servicio Local Puerto Cordillera, escuelas y seremias,\u00a0 informaci\u00f3n e iniciativas como este ciclo, que aporta informaci\u00f3n precisa, profesional, con base\u00a0 cient\u00edfica\u00a0 que permite a profesionales de la educaci\u00f3n, ni\u00f1as y ni\u00f1os y sus familias, conocer informaci\u00f3n que permite acortar la brecha del abuso y la violencia\u201d.<\/p>\n<p style=\"text-align: justify;\">Daniela \u00c1lvarez Watanabe, coordinadora de la Oficina de Desarrollo Estrat\u00e9gico, del Departamento de Equidad de G\u00e9nero y Diversidad, indic\u00f3 que \u201cestamos culminando un proceso, que involucr\u00f3 a colegios de la comuna con el proyecto del Ciclo de Formaci\u00f3n Continua en Educaci\u00f3n Sexual Integral, experiencia formativa que dur\u00f3 tres meses y a trav\u00e9s de 12 clases, periodo que cont\u00f3 con la participaci\u00f3n de m\u00e1s de 10 expositores a nivel nacional y regional. Fueron 48 profesionales de la educci\u00f3n, profesoras y profesores certificados en Perspectiva de G\u00e9nero, Educaci\u00f3n no Sexista y en el Modelo de Sexualidad Integral\u201d.<\/p>\n<p style=\"text-align: justify;\">La funcionaria destac\u00f3 que \u201cla naturaleza del proyecto tiene un factor innovador, que fue desarrollar la metodolog\u00eda de aprendizaje lo que signific\u00f3 que cada una de las duplas que formaron parte del ciclo, dise\u00f1aran un aprendizaje que se va a ejecutar en cada establecimiento. Respecto a la naturaleza y contenido, estos var\u00edan de acuerdo a los colegios, algunos consideraron talleres formativos para docentes o familias, otros para estudiantes, o proyectos de radios escolares o juegos de mesa\u201d ejemplific\u00f3.<\/p>\n<p style=\"text-align: justify;\">Este proceso educativo cont\u00f3 con 12 sesiones distribuidas en dos m\u00f3dulos, \u201cSexualidad, g\u00e9nero y violencias en el contexto escolar\u201d y \u201cMetodolog\u00edas y Estrategias en Educaci\u00f3n Sexual Integral\u201d. Incorpor\u00f3 la participaci\u00f3n de 10 expositores nacionales y regionales, la colaboraci\u00f3n y patrocinio del Servicio Local Puerto Cordillera, Seremi de la Mujer y Equidad de G\u00e9nero, Seremi de Educaci\u00f3n, Universidad Cat\u00f3lica del Norte, Universidad Central y Organizaciones de la Sociedad Civil en derechos sexuales.<\/p>\n<p style=\"text-align: justify;\">Sergio Carvajal, orientador de la Escuela Juan Pablo II, indic\u00f3 sobre su participaci\u00f3n en los talleres que \u201cmediante un trabajo de extensi\u00f3n, que se hizo en el programa y que tuvo que ver con un proyecto basado en aprendizaje, hubo que dise\u00f1ar un tema por establecimiento, con las pol\u00edticas existentes, y que se va a trabajar con funcionarios y docentes de la educaci\u00f3n\u201d.<\/p>\n<p style=\"text-align: justify;\">Eliana Prea G\u00f3mez, orientadora de la escuela An\u00edbal Pinto, agreg\u00f3 que \u201cla experiencia fue muy satisfactoria, nos entregaron diversas herramientas para trabajar en el establecimiento, desarrollamos un Aprendizaje basado en proyecto para poder instalarlo el pr\u00f3ximo a\u00f1o en el plan de plan de afectividad, sexualidad y g\u00e9nero o de formaci\u00f3n ciudadana\u201d.<\/p>\n<p style=\"text-align: justify;\">Mar\u00eda Fernanda Glaser, seremi de la Mujer y Equidad de G\u00e9nero, a\u00f1adi\u00f3 que \u201ces muy importante contar con un programa de educaci\u00f3n sexual integral en el Ministerio de Educaci\u00f3n, y desde nuestro ministerio, poder apoyar, t\u00e9cnicamente, en el proceso que permite ir erradicando discriminaciones en base al g\u00e9nero. Apoyamos esta iniciativa porque queremos construir sociedad donde todos entendemos que las personas nacemos igual en dignidad y derechos\u201d.<\/p>\n<p style=\"text-align: justify;\">Carolina Saavedra, directora ejecutiva (s) del Servicio Educaci\u00f3n P\u00fablica Puerto Cordillera \u201cestamos contentos de haber aceptado esta invitaci\u00f3n del municipio, que llega justo en el minuto donde nuestros profesionales, docentes, asistentes de la educaci\u00f3n, trabajadores sociales, psic\u00f3logos, orientadores necesitaban desarrollar capacidades para entender una sexualidad integral, tenemos un desaf\u00edo de poder incorporar estas estrategias en el aula, que responda a la diversidad en los establecimientos\u201d.<\/p>\n","protected":false},"excerpt":{"rendered":"<p>Este ciclo forma parte de la construcci\u00f3n de la Agenda para la Equidad de G\u00e9nero 2021 &#8211; 2024 impulsada por la municipalidad de Coquimbo. Con el objetivo de entregar a establecimientos educativos de la comuna contenidos que permitan establecer o fortalecer planes de trabajo en materia de Educaci\u00f3n Sexual Integral<\/p>\n","protected":false},"author":1,"featured_media":3259,"comment_status":"closed","ping_status":"open","sticky":false,"template":"","format":"standard","meta":{"footnotes":""},"categories":[21,1],"tags":[],"class_list":["post-3258","post","type-post","status-publish","format-standard","has-post-thumbnail","hentry","category-municipalidades","category-noticias-regionales"],"_links":{"self":[{"href":"https:\/\/minutaregional.cl\/index.php?rest_route=\/wp\/v2\/posts\/3258","targetHints":{"allow":["GET"]}}],"collection":[{"href":"https:\/\/minutaregional.cl\/index.php?rest_route=\/wp\/v2\/posts"}],"about":[{"href":"https:\/\/minutaregional.cl\/index.php?rest_route=\/wp\/v2\/types\/post"}],"author":[{"embeddable":true,"href":"https:\/\/minutaregional.cl\/index.php?rest_route=\/wp\/v2\/users\/1"}],"replies":[{"embeddable":true,"href":"https:\/\/minutaregional.cl\/index.php?rest_route=%2Fwp%2Fv2%2Fcomments&post=3258"}],"version-history":[{"count":1,"href":"https:\/\/minutaregional.cl\/index.php?rest_route=\/wp\/v2\/posts\/3258\/revisions"}],"predecessor-version":[{"id":3260,"href":"https:\/\/minutaregional.cl\/index.php?rest_route=\/wp\/v2\/posts\/3258\/revisions\/3260"}],"wp:featuredmedia":[{"embeddable":true,"href":"https:\/\/minutaregional.cl\/index.php?rest_route=\/wp\/v2\/media\/3259"}],"wp:attachment":[{"href":"https:\/\/minutaregional.cl\/index.php?rest_route=%2Fwp%2Fv2%2Fmedia&parent=3258"}],"wp:term":[{"taxonomy":"category","embeddable":true,"href":"https:\/\/minutaregional.cl\/index.php?rest_route=%2Fwp%2Fv2%2Fcategories&post=3258"},{"taxonomy":"post_tag","embeddable":true,"href":"https:\/\/minutaregional.cl\/index.php?rest_route=%2Fwp%2Fv2%2Ftags&post=3258"}],"curies":[{"name":"wp","href":"https:\/\/api.w.org\/{rel}","templated":true}]}}