{"id":3237,"date":"2023-09-06T23:34:55","date_gmt":"2023-09-06T23:34:55","guid":{"rendered":"https:\/\/minutaregional.cl\/?p=3237"},"modified":"2023-09-06T23:34:55","modified_gmt":"2023-09-06T23:34:55","slug":"pampilla-coquimbo-2023-anuncian-parrilla-artistica-final-del-evento-con-artistas-para-todos-los-gustos","status":"publish","type":"post","link":"https:\/\/minutaregional.cl\/?p=3237","title":{"rendered":"Pampilla Coquimbo 2023: Anuncian parrilla art\u00edstica final del evento con artistas para todos los gustos"},"content":{"rendered":"<p style=\"text-align: justify;\"><em>Alcalde Manouchehri y concejales de Coquimbo, dieron a conocer la incorporaci\u00f3n de nuevos artistas que pisar\u00e1n el escenario monumental de la Fiesta M\u00e1s Grande de Chile, como Pailita, Los Jaivas, Shamanes Crew, Amerika\u2019n Sound y Entre Mares, cerrando con ello la programaci\u00f3n de los 5 d\u00edas que dura este mega evento. <\/em><\/p>\n<p style=\"text-align: justify;\">Ya comenz\u00f3 la cuenta regresiva para el regreso de la tradicional Pampilla de Coquimbo, que tras 4 a\u00f1os de receso vuelve en gloria y majestad con una nutrida parrilla de artistas, por lo que este mi\u00e9rcoles el alcalde Ali Manouchehri el Concejo Municipal dieron a conocer los nombres de los nuevos artistas que se suman a los ya confirmados en agosto pasado.<\/p>\n<p style=\"text-align: justify;\">Se trata de los grupos Shamanes Crew, Amerika\u2019n Sound, Entre Mares, Los Jaivas, a los que se suma el artista urbano Pailita, quienes har\u00e1n sus presentaciones en el escenario m\u00e1s grande de Chile, sum\u00e1ndose a los ya confirmados con anterioridad, Noche de Brujas, Ke Personajes, Bombo Fica, Miriam Hern\u00e1ndez, Illapu, Z\u00fambale Primo y Los Vikings 5.<\/p>\n<p style=\"text-align: justify;\">Adem\u00e1s, el alcalde Manouchehri destac\u00f3 que cada d\u00eda de presentaciones en la Pampilla contar\u00e1 tambi\u00e9n con artistas locales y grupos emergentes, y tres de ellos ser\u00e1n escogidos en \u201cLa Voz Coquimbo\u201d que la pr\u00f3xima semana tiene su gran final, para dar la oportunidad a representantes de la m\u00fasica coquimbana para estar sobre el escenario monumental de esta gran fiesta.<\/p>\n<p style=\"text-align: justify;\">\u201cEstoy conforme y contento porque la gente est\u00e1 contenta, nos llenaron las redes sociales, nos llenaron de felicitaciones por la parrilla de artistas y eso la verdad que nos va cimentando el camino de que las cosas se est\u00e1n haciendo bien. Tener una parrilla donde se incluyen los diferentes g\u00e9neros, los diferentes segmentos tambi\u00e9n de la poblaci\u00f3n, los j\u00f3venes y la gente adulta van a poder disfrutar. Tenemos artistas nacionales y un artista internacional en crecimiento que lo m\u00e1s probable es que repleten la Pampilla as\u00ed que estamos bien contentos de lo que se est\u00e1 haciendo\u201d, indic\u00f3 el alcalde Manouchehri.<\/p>\n<p style=\"text-align: justify;\">Por su parte el concejal Pablo Galleguillos, destac\u00f3 la planificaci\u00f3n del evento, que se viene preparando desde el 2021 y la participaci\u00f3n de los concejales en cada paso, \u201cel 90% de la parrilla de artistas este a\u00f1o son artistas chilenos, as\u00ed que se destaca la labor y la trayectoria del artista local (\u2026) va a ser una fiesta total para todas las edades y para todos los gustos\u201d.<\/p>\n<p style=\"text-align: justify;\">El concejal Mario Burl\u00e9, valor\u00f3 la incorporaci\u00f3n del folclore y de los artistas locales en los shows, y a su vez destac\u00f3 el importante trabajo que la municipalidad ha realizado para reforzar la seguridad en el evento, \u201crecalcar la seguridad, hemos trabajado mucho en eso, nos hemos reunido varias veces con Carabineros, llega un contingente importante, as\u00ed que los vecinos, las vecinas y turistas que van a llegar pueden ir con seguridad a disfrutar de la Fiesta M\u00e1s Grande de Chile\u201d, indic\u00f3 Burl\u00e9.<\/p>\n<p style=\"text-align: justify;\">El alcalde Manouchehri y el cuerpo colegiado, tambi\u00e9n informaron que se est\u00e1 trabajando para que los shows inicien con luz d\u00eda, con el fin de que cada jornada art\u00edstica pueda concluir alrededor de las 22:00 horas.<\/p>\n<p style=\"text-align: justify;\">Durante la conferencia de prensa, el municipio tambi\u00e9n dio a conocer la p\u00e1gina web <a href=\"http:\/\/www.pampilla.municoquimbo.cl\">www.pampilla.municoquimbo.cl<\/a> plataforma que contar\u00e1 con toda la informaci\u00f3n de inter\u00e9s sobre la Fiesta M\u00e1s Grande de Chile, como programaci\u00f3n de los shows, valores de las entradas, mapa interactivo y una amplia galer\u00eda de fotos del evento, entre otras secciones.<\/p>\n<p><strong>Programa art\u00edstica Pampilla 2023<\/strong><\/p>\n<p><strong>S\u00e1bado 16 de septiembre<\/strong><\/p>\n<p>Shamanes Crew<\/p>\n<p>Amerika\u2019n Sound<\/p>\n<p>Noche de Brujas<\/p>\n<p>Bafochi<\/p>\n<p>Ganador(a) La Voz Coquimbo<\/p>\n<p>&nbsp;<\/p>\n<p><strong>Domingo 17 de septiembre<\/strong><\/p>\n<p>Illapu<\/p>\n<p>Entremares<\/p>\n<p>Caleta E\u2019 Cumbia<\/p>\n<p>Ganador(a) La Voz Coquimbo<\/p>\n<p>&nbsp;<\/p>\n<p><strong>Lunes 18 de septiembre<\/strong><\/p>\n<p>Myriam Hern\u00e1ndez<\/p>\n<p>Onda Kings<\/p>\n<p>Master Kumbia<\/p>\n<p>Pailita<\/p>\n<p>Ganador(a) La Voz Coquimbo<\/p>\n<p>&nbsp;<\/p>\n<p><strong>Martes 19 de septiembre <\/strong><\/p>\n<p>Bombo Fica<\/p>\n<p>Los Pata Negra<\/p>\n<p>Pachango<\/p>\n<p>Ke Personajes<\/p>\n<p>&nbsp;<\/p>\n<p><strong>Mi\u00e9rcoles 20 de septiembre<\/strong><\/p>\n<p>Los Jaivas<\/p>\n<p>La Charanga<\/p>\n<p>Z\u00fambale Primo<\/p>\n<p>Los Vikings 5<\/p>\n","protected":false},"excerpt":{"rendered":"<p>Alcalde Manouchehri y concejales de Coquimbo, dieron a conocer la incorporaci\u00f3n de nuevos artistas que pisar\u00e1n el escenario monumental de la Fiesta M\u00e1s Grande de Chile, como Pailita, Los Jaivas, Shamanes Crew, Amerika\u2019n Sound y Entre Mares, cerrando con ello la programaci\u00f3n de los 5 d\u00edas que dura este mega<\/p>\n","protected":false},"author":1,"featured_media":3238,"comment_status":"closed","ping_status":"open","sticky":false,"template":"","format":"standard","meta":{"footnotes":""},"categories":[21,1],"tags":[],"class_list":["post-3237","post","type-post","status-publish","format-standard","has-post-thumbnail","hentry","category-municipalidades","category-noticias-regionales"],"_links":{"self":[{"href":"https:\/\/minutaregional.cl\/index.php?rest_route=\/wp\/v2\/posts\/3237","targetHints":{"allow":["GET"]}}],"collection":[{"href":"https:\/\/minutaregional.cl\/index.php?rest_route=\/wp\/v2\/posts"}],"about":[{"href":"https:\/\/minutaregional.cl\/index.php?rest_route=\/wp\/v2\/types\/post"}],"author":[{"embeddable":true,"href":"https:\/\/minutaregional.cl\/index.php?rest_route=\/wp\/v2\/users\/1"}],"replies":[{"embeddable":true,"href":"https:\/\/minutaregional.cl\/index.php?rest_route=%2Fwp%2Fv2%2Fcomments&post=3237"}],"version-history":[{"count":1,"href":"https:\/\/minutaregional.cl\/index.php?rest_route=\/wp\/v2\/posts\/3237\/revisions"}],"predecessor-version":[{"id":3239,"href":"https:\/\/minutaregional.cl\/index.php?rest_route=\/wp\/v2\/posts\/3237\/revisions\/3239"}],"wp:featuredmedia":[{"embeddable":true,"href":"https:\/\/minutaregional.cl\/index.php?rest_route=\/wp\/v2\/media\/3238"}],"wp:attachment":[{"href":"https:\/\/minutaregional.cl\/index.php?rest_route=%2Fwp%2Fv2%2Fmedia&parent=3237"}],"wp:term":[{"taxonomy":"category","embeddable":true,"href":"https:\/\/minutaregional.cl\/index.php?rest_route=%2Fwp%2Fv2%2Fcategories&post=3237"},{"taxonomy":"post_tag","embeddable":true,"href":"https:\/\/minutaregional.cl\/index.php?rest_route=%2Fwp%2Fv2%2Ftags&post=3237"}],"curies":[{"name":"wp","href":"https:\/\/api.w.org\/{rel}","templated":true}]}}