{"id":3231,"date":"2023-09-04T17:30:00","date_gmt":"2023-09-04T17:30:00","guid":{"rendered":"https:\/\/minutaregional.cl\/?p=3231"},"modified":"2023-09-04T17:47:36","modified_gmt":"2023-09-04T17:47:36","slug":"parque-ohiggins-de-coquimbo-se-transformara-en-el-punto-de-encuentro-familiar-con-la-instalacion-de-nuevos-juegos","status":"publish","type":"post","link":"https:\/\/minutaregional.cl\/?p=3231","title":{"rendered":"Parque O\u00b4Higgins de Coquimbo se transformar\u00e1 en el punto de encuentro familiar con la instalaci\u00f3n de nuevos juegos"},"content":{"rendered":"<audio class=\"wp-audio-shortcode\" id=\"audio-3231-1\" preload=\"none\" style=\"width: 100%;\" controls=\"controls\"><source type=\"audio\/mpeg\" src=\"https:\/\/minutaregional.cl\/wp-content\/uploads\/2023\/09\/Ali-Manouchehri-sobre-instalacion-de-nuevos-juegos-en-Parque-O\u00b4Higgins.mp3?_=1\" \/><a href=\"https:\/\/minutaregional.cl\/wp-content\/uploads\/2023\/09\/Ali-Manouchehri-sobre-instalacion-de-nuevos-juegos-en-Parque-O\u00b4Higgins.mp3\">https:\/\/minutaregional.cl\/wp-content\/uploads\/2023\/09\/Ali-Manouchehri-sobre-instalacion-de-nuevos-juegos-en-Parque-O\u00b4Higgins.mp3<\/a><\/audio>\n<p>AUDIO : Alcalde Ali Manouchehri<\/p>\n<p style=\"text-align: justify;\"><em>Con inversi\u00f3n municipal de $175 millones, estas nuevas atracciones son parte del plan de recuperaci\u00f3n del recinto y de los espacios p\u00fablicos. Debido a los trabajos de instalaci\u00f3n, el espacio permanecer\u00e1 cerrado hasta el 15 de septiembre.<\/em><\/p>\n<p style=\"text-align: justify;\"><strong>\u00a0<\/strong>Un nuevo paso en su fortalecimiento como punto de encuentro de las familias coquimbanas est\u00e1 dando el Parque O\u00b4Higgins con el inicio de los trabajos de instalaci\u00f3n de cinco nuevos y modernos juegos en la principal \u00e1rea verde de la zona centro de la comuna puerto.<\/p>\n<p style=\"text-align: justify;\">Las nuevas entretenciones fueron compradas con recursos municipales y son la primera etapa de una completa intervenci\u00f3n y recuperaci\u00f3n del recinto y su transformaci\u00f3n en el Parque de la Infancia.<\/p>\n<p style=\"text-align: justify;\">Una ballena con diversas \u00e1reas, tres juegos modulares, uno de ellos con toldo y un barco pirata ser\u00e1n las nuevas atracciones urbanas que podr\u00e1n disfrutar los ni\u00f1os y ni\u00f1as que llegan al lugar para disfrutar en familia. La inversi\u00f3n considera m\u00e1s de $175 millones de recursos municipales en esta primera etapa de intervenci\u00f3n.<\/p>\n<p style=\"text-align: justify;\">El alcalde Ali Manouchehri lleg\u00f3 hasta el recinto para conversar con quienes est\u00e1n a cargo de los trabajos y conocer los avances. El jefe comunal se mostr\u00f3 motivado con el nuevo rostro que tendr\u00e1 el parque, cumpliendo uno de los compromisos de su gesti\u00f3n de transformarlo en un lugar para que la familia y los ni\u00f1os y ni\u00f1as de Coquimbo puedan contar con un espacio adecuado, atractivo y seguro para su esparcimiento.<\/p>\n<p style=\"text-align: justify;\">\u201cYa estamos comenzando con las instalaciones de nuevos juegos que van a transformar, en primer lugar, el parque y, en segundo lugar, la vida de nuestros ni\u00f1os y ni\u00f1as, quienes encontrar\u00e1n un espacio adecuado donde puedan ir a jugar y desarrollarse de manera segura\u201d.<\/p>\n<p style=\"text-align: justify;\">El proyecto global en el recinto considera una inversi\u00f3n municipal de $500 millones que permitir\u00e1n incluir otras mejoras tanto en las zonas de juegos, como tambi\u00e9n nuevos caminos de tr\u00e1nsito peatonal, luminarias, mejoramiento de ba\u00f1os y nuevo mobiliario urbano, desde basureros a \u00e1reas de descanso.<\/p>\n<p style=\"text-align: justify;\">Es importante informar que, debido a las diversas intervenciones que se realizan durante las obras de instalaci\u00f3n y armado de estos juegos de gran envergadura, el recinto permanecer\u00e1 cerrado hasta el 15 de septiembre.<\/p>\n<p style=\"text-align: justify;\">Cabe recordar que prontamente en el parque se realizar\u00e1 una nueva intervenci\u00f3n, esta vez financiada con Fondos de Regional de Iniciativa Local, FRIL, del Gobierno Regional, por cerca de 99 millones de pesos. Este proyecto incluye la instalaci\u00f3n de un nuevo juego inclusivo y otras obras de mejoramiento del recinto.<\/p>\n","protected":false},"excerpt":{"rendered":"<p>AUDIO : Alcalde Ali Manouchehri Con inversi\u00f3n municipal de $175 millones, estas nuevas atracciones son parte del plan de recuperaci\u00f3n del recinto y de los espacios p\u00fablicos. Debido a los trabajos de instalaci\u00f3n, el espacio permanecer\u00e1 cerrado hasta el 15 de septiembre. \u00a0Un nuevo paso en su fortalecimiento como punto<\/p>\n","protected":false},"author":1,"featured_media":3232,"comment_status":"closed","ping_status":"open","sticky":false,"template":"","format":"standard","meta":{"footnotes":""},"categories":[21,1],"tags":[],"class_list":["post-3231","post","type-post","status-publish","format-standard","has-post-thumbnail","hentry","category-municipalidades","category-noticias-regionales"],"_links":{"self":[{"href":"https:\/\/minutaregional.cl\/index.php?rest_route=\/wp\/v2\/posts\/3231","targetHints":{"allow":["GET"]}}],"collection":[{"href":"https:\/\/minutaregional.cl\/index.php?rest_route=\/wp\/v2\/posts"}],"about":[{"href":"https:\/\/minutaregional.cl\/index.php?rest_route=\/wp\/v2\/types\/post"}],"author":[{"embeddable":true,"href":"https:\/\/minutaregional.cl\/index.php?rest_route=\/wp\/v2\/users\/1"}],"replies":[{"embeddable":true,"href":"https:\/\/minutaregional.cl\/index.php?rest_route=%2Fwp%2Fv2%2Fcomments&post=3231"}],"version-history":[{"count":3,"href":"https:\/\/minutaregional.cl\/index.php?rest_route=\/wp\/v2\/posts\/3231\/revisions"}],"predecessor-version":[{"id":3236,"href":"https:\/\/minutaregional.cl\/index.php?rest_route=\/wp\/v2\/posts\/3231\/revisions\/3236"}],"wp:featuredmedia":[{"embeddable":true,"href":"https:\/\/minutaregional.cl\/index.php?rest_route=\/wp\/v2\/media\/3232"}],"wp:attachment":[{"href":"https:\/\/minutaregional.cl\/index.php?rest_route=%2Fwp%2Fv2%2Fmedia&parent=3231"}],"wp:term":[{"taxonomy":"category","embeddable":true,"href":"https:\/\/minutaregional.cl\/index.php?rest_route=%2Fwp%2Fv2%2Fcategories&post=3231"},{"taxonomy":"post_tag","embeddable":true,"href":"https:\/\/minutaregional.cl\/index.php?rest_route=%2Fwp%2Fv2%2Ftags&post=3231"}],"curies":[{"name":"wp","href":"https:\/\/api.w.org\/{rel}","templated":true}]}}