{"id":3224,"date":"2023-09-04T16:43:31","date_gmt":"2023-09-04T16:43:31","guid":{"rendered":"https:\/\/minutaregional.cl\/?p=3224"},"modified":"2023-09-04T17:00:50","modified_gmt":"2023-09-04T17:00:50","slug":"senador-nunez-y-diputada-tello-piden-proteger-bofedal-ante-expansion-de-minera-los-pelambres","status":"publish","type":"post","link":"https:\/\/minutaregional.cl\/?p=3224","title":{"rendered":"SENADOR N\u00da\u00d1EZ Y DIPUTADA TELLO PIDEN PROTEGER  BOFEDAL ANTE EXPANSI\u00d3N DE MINERA LOS PELAMBRES"},"content":{"rendered":"<audio class=\"wp-audio-shortcode\" id=\"audio-3224-1\" preload=\"none\" style=\"width: 100%;\" controls=\"controls\"><source type=\"audio\/ogg\" src=\"https:\/\/minutaregional.cl\/wp-content\/uploads\/2023\/09\/SENADORNUNEZ-CUNCUMEN.ogg?_=1\" \/><a href=\"https:\/\/minutaregional.cl\/wp-content\/uploads\/2023\/09\/SENADORNUNEZ-CUNCUMEN.ogg\">https:\/\/minutaregional.cl\/wp-content\/uploads\/2023\/09\/SENADORNUNEZ-CUNCUMEN.ogg<\/a><\/audio>\n<p><strong>AUDIO\u00a0 : Senador Daniel N\u00fa\u00f1ez<\/strong><\/p>\n<audio class=\"wp-audio-shortcode\" id=\"audio-3224-2\" preload=\"none\" style=\"width: 100%;\" controls=\"controls\"><source type=\"audio\/ogg\" src=\"https:\/\/minutaregional.cl\/wp-content\/uploads\/2023\/09\/DIPUTADATELLO-CUNCUMEN.ogg?_=2\" \/><a href=\"https:\/\/minutaregional.cl\/wp-content\/uploads\/2023\/09\/DIPUTADATELLO-CUNCUMEN.ogg\">https:\/\/minutaregional.cl\/wp-content\/uploads\/2023\/09\/DIPUTADATELLO-CUNCUMEN.ogg<\/a><\/audio>\n<p><strong>AUDIO : Diputada Carolina Tello<\/strong><\/p>\n<p style=\"text-align: justify;\">El proyecto de expansi\u00f3n de Minera Los Pelambres tiene muy preocupadas a las comunidades que viven en la zona cordillerana de la comuna de Salamanca, ya que lo perciben como una amenaza para el ecosistema y las fuentes de agua.<\/p>\n<p style=\"text-align: justify;\">Ante este escenario, el senador Daniel N\u00fa\u00f1ez y la diputada Carolina Tello solicitaron al Ministerio de Medio Ambiente proteger los bofedales del sector de Las Hualtatas.<\/p>\n<p style=\"text-align: justify;\">\u201cNos parece fundamental que el Ministerio de Medio Ambiente proteja estos bofedales, ya que est\u00e1n amenazados hoy d\u00eda por los botaderos contiguos que tiene ah\u00ed Minera los Pelambres, pero m\u00e1s amenazados se encuentran a\u00fan por el proyecto de expansi\u00f3n \u00a0que estar\u00eda depositando material est\u00e9ril justamente encima y sobre esta zona\u201d, se\u00f1al\u00f3 N\u00fa\u00f1ez.<\/p>\n<p style=\"text-align: justify;\">Para el parlamentario \u201ces un deber del Ministerio de Medio Ambiente adoptar medidas de protecci\u00f3n, usar los instrumentos legales que le entrega el C\u00f3digo de Aguas y le estamos pidiendo hacer tambi\u00e9n una visita conjunta a esos bofedales para ver en qu\u00e9 estado se encuentran en este minuto y asegurar que protejamos estas partes de vegas que son fundamentales para la reproducci\u00f3n y el ciclo que le permite dar vida a los r\u00edos que hoy d\u00eda est\u00e1n tan amenazados en nuestra regi\u00f3n por la brutal sequ\u00eda que estamos pasando\u201d.<\/p>\n<p style=\"text-align: justify;\">La diputada Carolina Tello, en tanto, argument\u00f3 que \u201ctenemos una preocupaci\u00f3n en particular respecto de los bofedales altoandinos que se encuentran en el sector de Las Hualtatas que es el mismo lugar del botadero Las Hualtatas de minera Los Pelambres, la cual, adem\u00e1s, sabemos que busca expandir su vida \u00fatil en m\u00e1s de 20 a\u00f1os seg\u00fan lo que se ha estimado en un principio y que se present\u00f3 por la propia empresa, por lo tanto consideramos que esta protecci\u00f3n es absolutamente urgente\u201d.<\/p>\n<p style=\"text-align: justify;\">La legisladora se refiri\u00f3 a las herramientas que existen actualmente a prop\u00f3sito por ejemplo de la modificaci\u00f3n al c\u00f3digo de aguas, \u201cespec\u00edficamente su art\u00edculo 58 que protege a los humedales alto andinos desde la regi\u00f3n de Arica a Coquimbo, creemos que es muy importante que \u00e9ste se pueda aplicar en este caso lo mismo que surge a prop\u00f3sito de la creaci\u00f3n del Servicio de Biodiversidad y \u00e1reas protegidas y, por supuesto, lo que tiene que ver tambi\u00e9n con la firma y la adhesi\u00f3n al tratado de Escaz\u00fa que representa una oportunidad real para democratizar la decisi\u00f3n de c\u00f3mo deben los territorios proyectar su crecimiento y permanencia\u201d.<\/p>\n<p style=\"text-align: justify;\">Julio Molina Dur\u00e1n, representante de las comunidades de agua del r\u00edo Cuncum\u00e9n que han levantado esta inquietud, expuso que \u201cnosotros venimos planteando las afectaciones al r\u00edo Cuncum\u00e9n desde el a\u00f1o 2007 en adelante de forma consistente, y lamentablemente no ha sido posible lograr el prop\u00f3sito de que nuestro recurso se proteja en las condiciones que lo estamos demandando, dado que las afectaciones que este recurso, y digo, en la subcuenca del r\u00edo Cuncum\u00e9n se ha visto muy afectado en t\u00e9rminos de calidad y tambi\u00e9n la seguridad del recurso, dado el desarrollo del megaproyecto de los Pelambres, donde hay grandes obras en toda la cuenca y las nacientes del r\u00edo\u201d.<\/p>\n<p style=\"text-align: justify;\">El dirigente recalca que \u201ccon estas nuevas autoridades que nos han dado el apoyo desde mayo de 2022, en donde hemos sostenido reuniones en distintos espacios, los distintos servicios, tanto el servicio de la DGA y tambi\u00e9n hemos estado en la Comisi\u00f3n de Medio Ambiente, y el 29 con la ministra de Medio Ambiente, en donde, bueno, expusimos nuevamente nuestras afectaciones al recurso h\u00eddrico\u201d.<\/p>\n<p style=\"text-align: justify;\">Ahora, afirm\u00f3, esperan que la secretaria de Estado escuche su invitaci\u00f3n y pueda visitar el bofedal a la brevedad.<\/p>\n<p style=\"text-align: justify;\">Por otro lado, la diputada Nathalie Castillo, quien tambi\u00e9n ha trabajado con las comunidades en la defensa del medioambiente, apunt\u00f3 que \u201cno hemos estado ajenas a ello que sucede en Cuncum\u00e9n y toda la provincia producto de las afectaciones que la gran miner\u00eda ha provocado. Por ello, insistimos en una segunda solicitud de comisi\u00f3n especial investigadora para que concurra el Estado, las instituciones y la comunidad a dar cuenta sobre su situaci\u00f3n sanitaria, ambiental y por supuesto h\u00eddrica\u201d.<\/p>\n<p>&nbsp;<\/p>\n<p>&nbsp;<\/p>\n","protected":false},"excerpt":{"rendered":"<p>AUDIO\u00a0 : Senador Daniel N\u00fa\u00f1ez AUDIO : Diputada Carolina Tello El proyecto de expansi\u00f3n de Minera Los Pelambres tiene muy preocupadas a las comunidades que viven en la zona cordillerana de la comuna de Salamanca, ya que lo perciben como una amenaza para el ecosistema y las fuentes de agua.<\/p>\n","protected":false},"author":1,"featured_media":3225,"comment_status":"closed","ping_status":"open","sticky":false,"template":"","format":"standard","meta":{"footnotes":""},"categories":[26,1],"tags":[],"class_list":["post-3224","post","type-post","status-publish","format-standard","has-post-thumbnail","hentry","category-camara-de-diputadas-y-diputados","category-noticias-regionales"],"_links":{"self":[{"href":"https:\/\/minutaregional.cl\/index.php?rest_route=\/wp\/v2\/posts\/3224","targetHints":{"allow":["GET"]}}],"collection":[{"href":"https:\/\/minutaregional.cl\/index.php?rest_route=\/wp\/v2\/posts"}],"about":[{"href":"https:\/\/minutaregional.cl\/index.php?rest_route=\/wp\/v2\/types\/post"}],"author":[{"embeddable":true,"href":"https:\/\/minutaregional.cl\/index.php?rest_route=\/wp\/v2\/users\/1"}],"replies":[{"embeddable":true,"href":"https:\/\/minutaregional.cl\/index.php?rest_route=%2Fwp%2Fv2%2Fcomments&post=3224"}],"version-history":[{"count":3,"href":"https:\/\/minutaregional.cl\/index.php?rest_route=\/wp\/v2\/posts\/3224\/revisions"}],"predecessor-version":[{"id":3230,"href":"https:\/\/minutaregional.cl\/index.php?rest_route=\/wp\/v2\/posts\/3224\/revisions\/3230"}],"wp:featuredmedia":[{"embeddable":true,"href":"https:\/\/minutaregional.cl\/index.php?rest_route=\/wp\/v2\/media\/3225"}],"wp:attachment":[{"href":"https:\/\/minutaregional.cl\/index.php?rest_route=%2Fwp%2Fv2%2Fmedia&parent=3224"}],"wp:term":[{"taxonomy":"category","embeddable":true,"href":"https:\/\/minutaregional.cl\/index.php?rest_route=%2Fwp%2Fv2%2Fcategories&post=3224"},{"taxonomy":"post_tag","embeddable":true,"href":"https:\/\/minutaregional.cl\/index.php?rest_route=%2Fwp%2Fv2%2Ftags&post=3224"}],"curies":[{"name":"wp","href":"https:\/\/api.w.org\/{rel}","templated":true}]}}