{"id":3221,"date":"2023-09-03T00:35:20","date_gmt":"2023-09-03T00:35:20","guid":{"rendered":"https:\/\/minutaregional.cl\/?p=3221"},"modified":"2023-09-03T00:35:20","modified_gmt":"2023-09-03T00:35:20","slug":"diputada-nathalie-castillo-realizo-cuenta-publica-participativa-en-ovalle","status":"publish","type":"post","link":"https:\/\/minutaregional.cl\/?p=3221","title":{"rendered":"Diputada Nathalie Castillo realiz\u00f3 \u201cCuenta P\u00fablica Participativa\u201d en Ovalle"},"content":{"rendered":"<p style=\"text-align: justify;\">En la Delegaci\u00f3n Presidencial Provincial del Limar\u00ed se desarroll\u00f3 la primera \u201cCuenta P\u00fablica Participativa\u201d de la diputada por la regi\u00f3n de Coquimbo, Nathalie Castillo.<\/p>\n<p style=\"text-align: justify;\">La instancia reuni\u00f3 a dirigentes sociales, vecinos de la ruralidad, la Consejera Regional, Tatiana Cort\u00e9s y el delegado provincial, Galo Luna Penna. Incluso, lleg\u00f3 hasta las inmediaciones la embajadora de Palestina, Vera Baboun.<\/p>\n<p style=\"text-align: justify;\">Adem\u00e1s, se entreg\u00f3 un reconocimiento simb\u00f3lico a dirigencias sociales, destacando su liderazgo y aporte a las luchas territoriales.<\/p>\n<p style=\"text-align: justify;\">\u201cEs importante dialogar y transparentar con la comunidad nuestro trabajo parlamentario. A su vez, le a\u00f1ado el car\u00e1cter participativo que tuvo esta cuenta p\u00fablica, donde escuchamos los planteamientos e inquietudes de las vecinas y vecinos, en materia de propuesta de proyectos de ley y tambi\u00e9n en materia de fiscalizaci\u00f3n a organismos p\u00fablicos\u201d, recalc\u00f3.<\/p>\n<p style=\"text-align: justify;\">\u201cEste ejercicio no es simb\u00f3lico. Sistematizaremos sus ideas y comenzaremos a trabajar en nuevas mociones parlamentarias, cuyo car\u00e1cter y adn tendr\u00e1, insisto, un importante arraigo social, desde la base de nuestra sociedad que es la comunidad organizada con un objetivo claro: mejorar la calidad de vida\u201d.<\/p>\n<p style=\"text-align: justify;\">La diputada agreg\u00f3 que realizar\u00e1n Cuentas P\u00fablicas Participativas por cada provincia de la regi\u00f3n. La siguiente ser\u00e1 en la ciudad de La Serena.<\/p>\n<p style=\"text-align: justify;\">Cabe se\u00f1alar que la ley no obliga a las diputadas y diputados a hacer este tipo de acciones p\u00fablicas.<\/p>\n","protected":false},"excerpt":{"rendered":"<p>En la Delegaci\u00f3n Presidencial Provincial del Limar\u00ed se desarroll\u00f3 la primera \u201cCuenta P\u00fablica Participativa\u201d de la diputada por la regi\u00f3n de Coquimbo, Nathalie Castillo. La instancia reuni\u00f3 a dirigentes sociales, vecinos de la ruralidad, la Consejera Regional, Tatiana Cort\u00e9s y el delegado provincial, Galo Luna Penna. Incluso, lleg\u00f3 hasta las<\/p>\n","protected":false},"author":1,"featured_media":3222,"comment_status":"closed","ping_status":"open","sticky":false,"template":"","format":"standard","meta":{"footnotes":""},"categories":[26,1],"tags":[],"class_list":["post-3221","post","type-post","status-publish","format-standard","has-post-thumbnail","hentry","category-camara-de-diputadas-y-diputados","category-noticias-regionales"],"_links":{"self":[{"href":"https:\/\/minutaregional.cl\/index.php?rest_route=\/wp\/v2\/posts\/3221","targetHints":{"allow":["GET"]}}],"collection":[{"href":"https:\/\/minutaregional.cl\/index.php?rest_route=\/wp\/v2\/posts"}],"about":[{"href":"https:\/\/minutaregional.cl\/index.php?rest_route=\/wp\/v2\/types\/post"}],"author":[{"embeddable":true,"href":"https:\/\/minutaregional.cl\/index.php?rest_route=\/wp\/v2\/users\/1"}],"replies":[{"embeddable":true,"href":"https:\/\/minutaregional.cl\/index.php?rest_route=%2Fwp%2Fv2%2Fcomments&post=3221"}],"version-history":[{"count":1,"href":"https:\/\/minutaregional.cl\/index.php?rest_route=\/wp\/v2\/posts\/3221\/revisions"}],"predecessor-version":[{"id":3223,"href":"https:\/\/minutaregional.cl\/index.php?rest_route=\/wp\/v2\/posts\/3221\/revisions\/3223"}],"wp:featuredmedia":[{"embeddable":true,"href":"https:\/\/minutaregional.cl\/index.php?rest_route=\/wp\/v2\/media\/3222"}],"wp:attachment":[{"href":"https:\/\/minutaregional.cl\/index.php?rest_route=%2Fwp%2Fv2%2Fmedia&parent=3221"}],"wp:term":[{"taxonomy":"category","embeddable":true,"href":"https:\/\/minutaregional.cl\/index.php?rest_route=%2Fwp%2Fv2%2Fcategories&post=3221"},{"taxonomy":"post_tag","embeddable":true,"href":"https:\/\/minutaregional.cl\/index.php?rest_route=%2Fwp%2Fv2%2Ftags&post=3221"}],"curies":[{"name":"wp","href":"https:\/\/api.w.org\/{rel}","templated":true}]}}