{"id":3215,"date":"2023-09-02T01:44:26","date_gmt":"2023-09-02T01:44:26","guid":{"rendered":"https:\/\/minutaregional.cl\/?p=3215"},"modified":"2023-09-02T01:44:26","modified_gmt":"2023-09-02T01:44:26","slug":"ine-difunde-el-censo-de-poblacion-y-vivienda-entre-estudiantes-del-ip-valle-central","status":"publish","type":"post","link":"https:\/\/minutaregional.cl\/?p=3215","title":{"rendered":"INE difunde el Censo de Poblaci\u00f3n y Vivienda entre estudiantes del IP Valle Central"},"content":{"rendered":"<ul>\n<li style=\"text-align: justify;\">La instituci\u00f3n busca crear alianzas de trabajo colaborativo con diferentes entidades de educaci\u00f3n superior y se encuentra en conversaciones con la Universidad de La Serena, la Universidad Cat\u00f3lica del Norte y el Instituto Profesional de Chile, entre otros.<\/li>\n<\/ul>\n<p style=\"text-align: justify;\">Con el objetivo de explicar qu\u00e9 es un Censo, adem\u00e1s de sus caracter\u00edsticas, novedades y desaf\u00edos, el Instituto Nacional de Estad\u00edsticas (INE) se reuni\u00f3 con estudiantes de diferentes carreras del Instituto Profesional (IP) Valle Central de La Serena, en el auditorio de la mencionada casa de estudios.<\/p>\n<p style=\"text-align: justify;\">En la reuni\u00f3n se abordaron dudas relativas a c\u00f3mo ser\u00e1 el operativo estad\u00edstico, c\u00f3mo se fortalecer\u00e1 la seguridad tanto de la poblaci\u00f3n como de los propios censistas y preguntas relativas al personal en terreno que censar\u00e1 a la poblaci\u00f3n el pr\u00f3ximo a\u00f1o.<\/p>\n<p style=\"text-align: justify;\">Respecto a este \u00faltimo punto, la directora regional de INE Coquimbo, Marcela Puz, explic\u00f3 que la vinculaci\u00f3n con instituciones de educaci\u00f3n superior ser\u00e1 fundamental para \u201c<em>la difusi\u00f3n que debemos hacer sobre este proceso hacia los estudiantes e invitarlos a trabajar como censistas el pr\u00f3ximo a\u00f1o, pero tambi\u00e9n tiene relevancia porque las comunidades educativas son muy grandes, son muchos estudiantes y, por lo tanto, los sectores a los que podemos llegar son muy amplios\u201d.<\/em><\/p>\n<p style=\"text-align: justify;\">En este sentido, Luis Rojas, encargado de Asuntos Estudiantiles y Vinculaci\u00f3n con el medio del IP Valle Central, se mostr\u00f3 interesado en que los alumnos de la casa de estudios participen como censistas en el operativo, y manifest\u00f3 que <em>\u201cestamos muy agradecidos como instituci\u00f3n, de seguir trabajando de forma colaborativa con el INE y as\u00ed tambi\u00e9n entregar los lineamientos a nuestros estudiantes del pr\u00f3ximo Censo\u201d.<\/em><\/p>\n<p style=\"text-align: justify;\"><em>.<\/em>Por su parte, Carlos Tapia, docente de T\u00e9cnico en Enfermer\u00eda y Podolog\u00eda, valor\u00f3 la actividad se\u00f1alando que, <em>\u201ces bastante bueno que vengan a dar esta informaci\u00f3n, ya que uno va a estar al tanto de c\u00f3mo ser\u00e1 el nuevo Censo, y la verdad es que es algo necesario para nuestro pa\u00eds\u201d.<\/em><\/p>\n<p style=\"text-align: justify;\">La charla cont\u00f3 adem\u00e1s con la participaci\u00f3n de Manuel Cort\u00e9s, estudiante de T\u00e9cnico en Enfermer\u00eda que, adem\u00e1s, result\u00f3 ser dirigente vecinal del sector Villa Amanecer en la comuna de Ovalle e inform\u00f3 que ellos trabajan replicando y compartiendo la informaci\u00f3n que entrega el INE, como, asimismo, invitando a la comunidad a que participen de los operativos que est\u00e1 desarrollando la instituci\u00f3n con miras al pr\u00f3ximo Censo de Poblaci\u00f3n y Vivienda 2024.<\/p>\n","protected":false},"excerpt":{"rendered":"<p>La instituci\u00f3n busca crear alianzas de trabajo colaborativo con diferentes entidades de educaci\u00f3n superior y se encuentra en conversaciones con la Universidad de La Serena, la Universidad Cat\u00f3lica del Norte y el Instituto Profesional de Chile, entre otros. Con el objetivo de explicar qu\u00e9 es un Censo, adem\u00e1s de sus<\/p>\n","protected":false},"author":1,"featured_media":3216,"comment_status":"closed","ping_status":"open","sticky":false,"template":"","format":"standard","meta":{"footnotes":""},"categories":[1],"tags":[],"class_list":["post-3215","post","type-post","status-publish","format-standard","has-post-thumbnail","hentry","category-noticias-regionales"],"_links":{"self":[{"href":"https:\/\/minutaregional.cl\/index.php?rest_route=\/wp\/v2\/posts\/3215","targetHints":{"allow":["GET"]}}],"collection":[{"href":"https:\/\/minutaregional.cl\/index.php?rest_route=\/wp\/v2\/posts"}],"about":[{"href":"https:\/\/minutaregional.cl\/index.php?rest_route=\/wp\/v2\/types\/post"}],"author":[{"embeddable":true,"href":"https:\/\/minutaregional.cl\/index.php?rest_route=\/wp\/v2\/users\/1"}],"replies":[{"embeddable":true,"href":"https:\/\/minutaregional.cl\/index.php?rest_route=%2Fwp%2Fv2%2Fcomments&post=3215"}],"version-history":[{"count":1,"href":"https:\/\/minutaregional.cl\/index.php?rest_route=\/wp\/v2\/posts\/3215\/revisions"}],"predecessor-version":[{"id":3217,"href":"https:\/\/minutaregional.cl\/index.php?rest_route=\/wp\/v2\/posts\/3215\/revisions\/3217"}],"wp:featuredmedia":[{"embeddable":true,"href":"https:\/\/minutaregional.cl\/index.php?rest_route=\/wp\/v2\/media\/3216"}],"wp:attachment":[{"href":"https:\/\/minutaregional.cl\/index.php?rest_route=%2Fwp%2Fv2%2Fmedia&parent=3215"}],"wp:term":[{"taxonomy":"category","embeddable":true,"href":"https:\/\/minutaregional.cl\/index.php?rest_route=%2Fwp%2Fv2%2Fcategories&post=3215"},{"taxonomy":"post_tag","embeddable":true,"href":"https:\/\/minutaregional.cl\/index.php?rest_route=%2Fwp%2Fv2%2Ftags&post=3215"}],"curies":[{"name":"wp","href":"https:\/\/api.w.org\/{rel}","templated":true}]}}