{"id":3211,"date":"2023-08-31T00:54:46","date_gmt":"2023-08-31T00:54:46","guid":{"rendered":"https:\/\/minutaregional.cl\/?p=3211"},"modified":"2023-08-31T00:54:46","modified_gmt":"2023-08-31T00:54:46","slug":"coquimbo-vecinos-de-los-clarines-vi-acceden-a-proyecto-de-televigilancia-que-cubre-todo-el-barrio","status":"publish","type":"post","link":"https:\/\/minutaregional.cl\/?p=3211","title":{"rendered":"Coquimbo: Vecinos de Los Clarines VI acceden a proyecto de televigilancia que cubre todo el barrio"},"content":{"rendered":"<p style=\"text-align: justify;\"><em>Iniciativa se concret\u00f3 gracias a las Subvenciones Municipales 2022 que entrega la casa consistorial porte\u00f1a, que permitir\u00e1 que los vecinos aumenten su seguridad y monitoreen a trav\u00e9s de sus dispositivos m\u00f3viles lo que est\u00e1 pasando en sus calles y pasajes. Alcalde Ali Manouchehri destac\u00f3 la organizaci\u00f3n de la comunidad y los inst\u00f3 a seguir postulando a los fondos que dispone el municipio. <\/em><\/p>\n<p style=\"text-align: justify;\">La seguridad de los vecinos organizados de Los Clarines VI, en la comuna de Coquimbo, dio un giro de 180 grados con la puesta en marcha de un ambicioso proyecto que instal\u00f3 un sistema de televigilancia de alta tecnolog\u00eda, que cubre por completo las calles y pasajes del sector, entregando un importante respaldo a la tranquilidad de las familias que componen este conjunto habitacional.<\/p>\n<p style=\"text-align: justify;\">A trav\u00e9s de una aplicaci\u00f3n que puede ser monitoreada a trav\u00e9s de internet desde los dispositivos m\u00f3viles de los integrantes de la junta de vecinos, se puede acceder en todo momento y en tiempo real a lo que est\u00e1n registrando las 16 c\u00e1maras de televigilancia instaladas en el barrio.<\/p>\n<p style=\"text-align: justify;\">Un punto importante de este proyecto, es que nace desde la misma comunidad, quienes se organizaron y postularon la iniciativa a las Subvenciones Municipales que entrega la casa consistorial coquimbana, adjudic\u00e1ndose un monto de $3,5 millones para su implementaci\u00f3n.<\/p>\n<p style=\"text-align: justify;\">En una emotiva ceremonia los vecinos y vecinas, acompa\u00f1ados del alcalde Ali Manouchehri inauguraron la iniciativa, a la vez que agradecieron al edil el apoyo en la postulaci\u00f3n a trav\u00e9s de la Oficina de Proyectos de la Direcci\u00f3n de Desarrollo Comunitario (Dideco).<\/p>\n<p style=\"text-align: justify;\">\u00a0\u201cEstamos felices, primera vez que postulamos y salimos favorecidos con la subvenci\u00f3n 2022, entonces estamos m\u00e1s que contentos porque ya con las c\u00e1maras vamos a cuidar calles y pasajes, que es la idea de nuestro entorno y comunidad, entonces contentos que don Ali y la municipalidad de Coquimbo nos haya beneficiado con este tremendo proyecto\u201d, manifest\u00f3 Alejandra Legger, presidenta de la junta de vecinos Los Clarines VI, quien a\u00f1adi\u00f3 que ya postularon a las Subvenciones Municipales 2023, para obtener recursos para equipar la sede social del sector.<\/p>\n<p style=\"text-align: justify;\">La felicidad de los vecinos y vecinas de Los Clarines VI fue compartida por el alcalde Ali Manouchehri, quien destac\u00f3 su organizaci\u00f3n para enfrentar la delincuencia y la confianza en el municipio para postular a estos fondos. \u201cEstas son las subvenciones municipales que en alg\u00fan minuto estuvieron trabadas, que logramos destrabar y entregarle a la ciudadan\u00eda, a los vecinos, a las agrupaciones, a los centros de madres, clubes de adultos mayores, recursos frescos. Lo que estamos haciendo es entregar nuestra primera subvenci\u00f3n del a\u00f1o 2022, entregarla ac\u00e1 en este barrio tan importante que necesita que esa inyecci\u00f3n de recursos le entregue tranquilidad\u201d.<\/p>\n<p style=\"text-align: justify;\">La autoridad comunal a\u00f1adi\u00f3 que las c\u00e1maras de televigilancia \u201cpermiten que los vecinos puedan estar m\u00e1s resguardados, m\u00e1s tranquilos y que sin lugar a dudas nos permite desde el municipio, con financiamiento propio inyectarle tranquilidad a la comunidad, as\u00ed es que estamos contentos por ellos y agradecerles la gran recepci\u00f3n que hemos tenido y el afecto que nos entregan siempre porque nos da la fuerza para seguir trabajando\u201d.<\/p>\n<p style=\"text-align: justify;\"><strong>\u201cEXCELENTE GESTI\u00d3N\u201d<\/strong><\/p>\n<p style=\"text-align: justify;\">Yarela Ubillos es una de las primeras habitantes del conjunto Los Clarines VI, recuerda que al principio \u201ceran robos todos los fines de semana, del viernes al domingo, sagrado\u201d, es por ese motivo que agradece el nuevo sistema de televigilancia que se suma a otros dispositivos que tiene incorporados como las alarmas comunitarias.<\/p>\n<p style=\"text-align: justify;\">\u201cLas c\u00e1maras nos benefician mucho a nosotros ahora, porque vamos a estar m\u00e1s unidos como villa y pr\u00e1cticamente vamos a combatir la delincuencia que es lo principal. Muchas veces nos dicen que no hay pruebas, no hay evidencias, no hay fotos, c\u00e1maras ni nada, solamente que uno pesca al ladr\u00f3n y ah\u00ed queda, entonces las c\u00e1maras van a servir mucho en esta oportunidad. Excelente gesti\u00f3n y gracias por habernos escuchado en nuestra petici\u00f3n porque es lo que m\u00e1s necesit\u00e1bamos en este momento\u201d, relat\u00f3 la vecina.<\/p>\n<p style=\"text-align: justify;\">Francisco Mu\u00f1oz es el gerente de la empresa FMT que estuvo a cargo de la instalaci\u00f3n de las c\u00e1maras y de la implementaci\u00f3n del sistema que permite que sean monitoreadas a trav\u00e9s de los tel\u00e9fonos m\u00f3viles, destaca la alta tecnolog\u00eda utilizada y que se cubre por completo la poblaci\u00f3n de Los Clarines VI.<\/p>\n<p style=\"text-align: justify;\">\u201cSe instalaron 16 c\u00e1maras con un circuito IP, adem\u00e1s pudimos enlazar un solo circuito a trav\u00e9s de la tecnolog\u00eda y el medio de fibra \u00f3ptica. Para nosotros es el primer circuito de este tipo, nos apuntamos con la mayor tecnolog\u00eda que ten\u00edamos a mano, con c\u00e1maras de 5 mega pixeles que los vecinos pueden ver a trav\u00e9s de una aplicaci\u00f3n desde cualquier punto que ellos puedan estar conectados a internet para ver la poblaci\u00f3n, pueden descargar desde su misma aplicaci\u00f3n adem\u00e1s del resguardo y el respaldo que tienen en sus casas donde se instal\u00f3 el grabador\u201d, finaliz\u00f3 el representante de la empresa FMT.<\/p>\n<p>&nbsp;<\/p>\n<p>&nbsp;<\/p>\n","protected":false},"excerpt":{"rendered":"<p>Iniciativa se concret\u00f3 gracias a las Subvenciones Municipales 2022 que entrega la casa consistorial porte\u00f1a, que permitir\u00e1 que los vecinos aumenten su seguridad y monitoreen a trav\u00e9s de sus dispositivos m\u00f3viles lo que est\u00e1 pasando en sus calles y pasajes. Alcalde Ali Manouchehri destac\u00f3 la organizaci\u00f3n de la comunidad y<\/p>\n","protected":false},"author":1,"featured_media":3212,"comment_status":"closed","ping_status":"open","sticky":false,"template":"","format":"standard","meta":{"footnotes":""},"categories":[21,1],"tags":[],"class_list":["post-3211","post","type-post","status-publish","format-standard","has-post-thumbnail","hentry","category-municipalidades","category-noticias-regionales"],"_links":{"self":[{"href":"https:\/\/minutaregional.cl\/index.php?rest_route=\/wp\/v2\/posts\/3211","targetHints":{"allow":["GET"]}}],"collection":[{"href":"https:\/\/minutaregional.cl\/index.php?rest_route=\/wp\/v2\/posts"}],"about":[{"href":"https:\/\/minutaregional.cl\/index.php?rest_route=\/wp\/v2\/types\/post"}],"author":[{"embeddable":true,"href":"https:\/\/minutaregional.cl\/index.php?rest_route=\/wp\/v2\/users\/1"}],"replies":[{"embeddable":true,"href":"https:\/\/minutaregional.cl\/index.php?rest_route=%2Fwp%2Fv2%2Fcomments&post=3211"}],"version-history":[{"count":1,"href":"https:\/\/minutaregional.cl\/index.php?rest_route=\/wp\/v2\/posts\/3211\/revisions"}],"predecessor-version":[{"id":3213,"href":"https:\/\/minutaregional.cl\/index.php?rest_route=\/wp\/v2\/posts\/3211\/revisions\/3213"}],"wp:featuredmedia":[{"embeddable":true,"href":"https:\/\/minutaregional.cl\/index.php?rest_route=\/wp\/v2\/media\/3212"}],"wp:attachment":[{"href":"https:\/\/minutaregional.cl\/index.php?rest_route=%2Fwp%2Fv2%2Fmedia&parent=3211"}],"wp:term":[{"taxonomy":"category","embeddable":true,"href":"https:\/\/minutaregional.cl\/index.php?rest_route=%2Fwp%2Fv2%2Fcategories&post=3211"},{"taxonomy":"post_tag","embeddable":true,"href":"https:\/\/minutaregional.cl\/index.php?rest_route=%2Fwp%2Fv2%2Ftags&post=3211"}],"curies":[{"name":"wp","href":"https:\/\/api.w.org\/{rel}","templated":true}]}}