{"id":3208,"date":"2023-08-31T00:22:14","date_gmt":"2023-08-31T00:22:14","guid":{"rendered":"https:\/\/minutaregional.cl\/?p=3208"},"modified":"2023-08-31T00:22:14","modified_gmt":"2023-08-31T00:22:14","slug":"el-exitoso-conjunto-se-presentara-el-viernes-15-de-septiembre-en-enjoy","status":"publish","type":"post","link":"https:\/\/minutaregional.cl\/?p=3208","title":{"rendered":"El exitoso conjunto se presentar\u00e1 el viernes 15 de septiembre en Enjoy."},"content":{"rendered":"<p style=\"text-align: justify;\"><a href=\"https:\/\/ticketplus.cl\/events\/rafaga-en-concierto\">https:\/\/ticketplus.cl\/events\/rafaga-en-concierto<\/a><\/p>\n<p style=\"text-align: justify;\">*R\u00e1faga inicia celebraciones de Fiestas<\/p>\n<p style=\"text-align: justify;\">*Patrias con un gran show en Coquimbo<\/p>\n<p style=\"text-align: justify;\">R\u00e1faga dar\u00e1 inicio a las Fiestas Patrias en la Regi\u00f3n de Coquimbo con un gran show que se realizar\u00e1 a partir de las 21.00 horas, del viernes 15 de septiembre, en el sal\u00f3n Ballroom del Casino Enjoy.<\/p>\n<p style=\"text-align: justify;\">Tras su exitosa gira por los Estados Unidos y Europa, la agrupaci\u00f3n musical invita a los habitantes de la Regi\u00f3n de Coquimbo (y turistas de paso por la zona) a disfrutar, corear y bailar con sus grandes \u00e9xitos: \u201cMentirosa\u201d, \u201cUna Cerveza\u201d, \u201cR\u00e1gafa de Amor\u201d, \u201cMaldito Coraz\u00f3n\u201d, y tantos otros cl\u00e1sicos de la cumbia.<\/p>\n<p style=\"text-align: justify;\">R\u00e1gafa es la principal banda de la movida tropical, que salt\u00f3 a la popularidad en 1996 con su primer disco \u201cSoplando Fuerte\u201d, y que hoy suma una decena de trabajos discogr\u00e1ficos y giras por todo Latinoam\u00e9rica y el mundo.<\/p>\n<p style=\"text-align: justify;\">En Chile, su inconfundible ritmo ha animado cuanta fiesta de matrimonio, cumplea\u00f1os y celebraci\u00f3n exista. Adem\u00e1s, el grupo se ha presentado en diversos escenarios. El m\u00e1s importante: el Festival Internacional de la Canci\u00f3n de Vi\u00f1a del Mar, en el 2000. En tanto, en el a\u00f1o 2018, estuvieron en La Pampilla, de Coquimbo.<\/p>\n<p style=\"text-align: justify;\">Las entradas para el show del 15 de septiembre en Enjoy Coquimbo se pueden adquirir a trav\u00e9s del sistema ticketplus, en https:\/\/ticketplus.cl\/events\/rafaga-en-concierto<\/p>\n","protected":false},"excerpt":{"rendered":"<p>https:\/\/ticketplus.cl\/events\/rafaga-en-concierto *R\u00e1faga inicia celebraciones de Fiestas *Patrias con un gran show en Coquimbo R\u00e1faga dar\u00e1 inicio a las Fiestas Patrias en la Regi\u00f3n de Coquimbo con un gran show que se realizar\u00e1 a partir de las 21.00 horas, del viernes 15 de septiembre, en el sal\u00f3n Ballroom del Casino Enjoy.<\/p>\n","protected":false},"author":1,"featured_media":3209,"comment_status":"closed","ping_status":"open","sticky":false,"template":"","format":"standard","meta":{"footnotes":""},"categories":[46],"tags":[],"class_list":["post-3208","post","type-post","status-publish","format-standard","has-post-thumbnail","hentry","category-indap"],"_links":{"self":[{"href":"https:\/\/minutaregional.cl\/index.php?rest_route=\/wp\/v2\/posts\/3208","targetHints":{"allow":["GET"]}}],"collection":[{"href":"https:\/\/minutaregional.cl\/index.php?rest_route=\/wp\/v2\/posts"}],"about":[{"href":"https:\/\/minutaregional.cl\/index.php?rest_route=\/wp\/v2\/types\/post"}],"author":[{"embeddable":true,"href":"https:\/\/minutaregional.cl\/index.php?rest_route=\/wp\/v2\/users\/1"}],"replies":[{"embeddable":true,"href":"https:\/\/minutaregional.cl\/index.php?rest_route=%2Fwp%2Fv2%2Fcomments&post=3208"}],"version-history":[{"count":1,"href":"https:\/\/minutaregional.cl\/index.php?rest_route=\/wp\/v2\/posts\/3208\/revisions"}],"predecessor-version":[{"id":3210,"href":"https:\/\/minutaregional.cl\/index.php?rest_route=\/wp\/v2\/posts\/3208\/revisions\/3210"}],"wp:featuredmedia":[{"embeddable":true,"href":"https:\/\/minutaregional.cl\/index.php?rest_route=\/wp\/v2\/media\/3209"}],"wp:attachment":[{"href":"https:\/\/minutaregional.cl\/index.php?rest_route=%2Fwp%2Fv2%2Fmedia&parent=3208"}],"wp:term":[{"taxonomy":"category","embeddable":true,"href":"https:\/\/minutaregional.cl\/index.php?rest_route=%2Fwp%2Fv2%2Fcategories&post=3208"},{"taxonomy":"post_tag","embeddable":true,"href":"https:\/\/minutaregional.cl\/index.php?rest_route=%2Fwp%2Fv2%2Ftags&post=3208"}],"curies":[{"name":"wp","href":"https:\/\/api.w.org\/{rel}","templated":true}]}}