{"id":3192,"date":"2023-08-29T01:57:46","date_gmt":"2023-08-29T01:57:46","guid":{"rendered":"https:\/\/minutaregional.cl\/?p=3192"},"modified":"2023-08-29T01:57:46","modified_gmt":"2023-08-29T01:57:46","slug":"mas-de-50-mujeres-de-canela-los-vilos-y-salamanca-participaron-en-talleres-de-gasfiteria-de-aguas-del-valle","status":"publish","type":"post","link":"https:\/\/minutaregional.cl\/?p=3192","title":{"rendered":"M\u00e1s de 50 mujeres de Canela, Los Vilos y Salamanca participaron en talleres de gasfiter\u00eda de Aguas del Valle"},"content":{"rendered":"<ul>\n<li style=\"text-align: justify;\">El programa Mujeres G\u00e1sfiter en Terreno contempla recorrer 13 de las 15 comunas de la Regi\u00f3n de Coquimbo, capacitando a cerca de 400 mujeres. Durante estos d\u00edas, se realizar\u00e1n talleres en las provincias de Limar\u00ed y Elqui.<\/li>\n<\/ul>\n<p style=\"text-align: justify;\"><strong>Regi\u00f3n de Coquimbo, 28 de agosto de 2023.<\/strong> Aguas del Valle inici\u00f3 en la Provincia del Choapa su ciclo de talleres de gasfiter\u00eda e instalaciones sanitarias: \u201cMujeres G\u00e1sfiter en Terreno 2023\u201d. A la fecha, ya han participado m\u00e1s de 50 mujeres de las comunas de Los Vilos, Canela y Salamanca.<\/p>\n<p style=\"text-align: justify;\">\u201cEstamos muy contentos porque la respuesta y el entusiasmo de las participantes han sido excelente. Estamos seguros de que este aprendizaje ser\u00e1 un aporte en sus vidas, empoder\u00e1ndolas y permiti\u00e9ndoles aplicar estos conocimientos con la posibilidad de iniciarse en un oficio no tradicional, contribuyendo tambi\u00e9n a mejorar su calidad de vida\u201d, se\u00f1al\u00f3 el subgerente zonal de Aguas del Valle, Alejandro Salazar.<\/p>\n<p style=\"text-align: justify;\">La presidenta de la Junta de Vecinos Lord Willow, Marcela Legua, indic\u00f3 que \u201cel curso me pareci\u00f3 fenomenal. Ac\u00e1 tenemos mujeres que ya se est\u00e1n empoderando con este tema de la gasfiter\u00eda. Tenemos 20 mujeres que asistieron a este taller, donde ellas ya est\u00e1n preparadas para poder hacer sus arreglos en su casa y as\u00ed poder ahorrarse una plata que puede servirle para otra cosa\u201d.<\/p>\n<p style=\"text-align: justify;\">Asimismo, la presidenta de la Junta de Vecinos de Los Corralones de Canela, Ernelia Castillo, sostuvo que \u201cno pens\u00e9 que nosotras como mujeres pod\u00edamos ser capaces de hacer cosas que hacen los hombres. O sea, es fabuloso que nos ense\u00f1en y las dem\u00e1s vecinas est\u00e1n muy contentas igual porque han aprendido. El taller cumpli\u00f3 con mis expectativas porque a pesar de que es cortito es bien intensivo\u201d.<\/p>\n<p style=\"text-align: justify;\">El alcalde de Canela, Bernardo Leyton, junto con agradecer la instancia generada por Aguas del Valle, coment\u00f3 que \u201ceste conocimiento servir\u00e1 para ver los temas en su vivienda, pero es probable tambi\u00e9n que algunas de ellas se entusiasmen y puedan prestar servicio a otras familias y de esa manera, se apunta a que podamos realizar un uso \u00f3ptimo del agua. Entonces creo que va en la direcci\u00f3n correcta, va en potenciar a las personas de nuestra comuna y sobre todo potenciar a las mujeres en conocimientos que les son \u00fatiles para el desarrollo de la vida\u201d.<\/p>\n<p style=\"text-align: justify;\">De igual forma, la primera autoridad comunal de Salamanca, Gerardo Rojas, sostuvo que \u201cestoy muy contento, la verdad que quiero agradecer a Aguas del Valle por el tiempo, la motivaci\u00f3n que tuvieron y de ofrecer esta alternativa. Y, por otro lado, felicitar a este grupo de mujeres que la verdad que nos dejaron cargados de energ\u00eda, de ganas de seguir haciendo cosas\u201d.<\/p>\n<p style=\"text-align: justify;\">Finalmente, la representante de la Agrupaci\u00f3n Manos M\u00e1gicas de Salamanca, Karime Toro, dijo que \u201cestoy totalmente satisfecha, muy bueno, muy interesante el taller. El profesor dedic\u00f3 su tiempo, trabajamos muy bien. \u00a0Contenta porque gracias a la iniciativa de Aguas del Valle que nos dio esta oportunidad y nosotros bien la vamos aprovechando y ojal\u00e1 que de esto salgamos muchas mujeres que puedan desempe\u00f1ar este oficio\u201d.<\/p>\n","protected":false},"excerpt":{"rendered":"<p>El programa Mujeres G\u00e1sfiter en Terreno contempla recorrer 13 de las 15 comunas de la Regi\u00f3n de Coquimbo, capacitando a cerca de 400 mujeres. Durante estos d\u00edas, se realizar\u00e1n talleres en las provincias de Limar\u00ed y Elqui. Regi\u00f3n de Coquimbo, 28 de agosto de 2023. Aguas del Valle inici\u00f3 en<\/p>\n","protected":false},"author":1,"featured_media":3193,"comment_status":"closed","ping_status":"open","sticky":false,"template":"","format":"standard","meta":{"footnotes":""},"categories":[45],"tags":[],"class_list":["post-3192","post","type-post","status-publish","format-standard","has-post-thumbnail","hentry","category-aguas-del-valle"],"_links":{"self":[{"href":"https:\/\/minutaregional.cl\/index.php?rest_route=\/wp\/v2\/posts\/3192","targetHints":{"allow":["GET"]}}],"collection":[{"href":"https:\/\/minutaregional.cl\/index.php?rest_route=\/wp\/v2\/posts"}],"about":[{"href":"https:\/\/minutaregional.cl\/index.php?rest_route=\/wp\/v2\/types\/post"}],"author":[{"embeddable":true,"href":"https:\/\/minutaregional.cl\/index.php?rest_route=\/wp\/v2\/users\/1"}],"replies":[{"embeddable":true,"href":"https:\/\/minutaregional.cl\/index.php?rest_route=%2Fwp%2Fv2%2Fcomments&post=3192"}],"version-history":[{"count":1,"href":"https:\/\/minutaregional.cl\/index.php?rest_route=\/wp\/v2\/posts\/3192\/revisions"}],"predecessor-version":[{"id":3194,"href":"https:\/\/minutaregional.cl\/index.php?rest_route=\/wp\/v2\/posts\/3192\/revisions\/3194"}],"wp:featuredmedia":[{"embeddable":true,"href":"https:\/\/minutaregional.cl\/index.php?rest_route=\/wp\/v2\/media\/3193"}],"wp:attachment":[{"href":"https:\/\/minutaregional.cl\/index.php?rest_route=%2Fwp%2Fv2%2Fmedia&parent=3192"}],"wp:term":[{"taxonomy":"category","embeddable":true,"href":"https:\/\/minutaregional.cl\/index.php?rest_route=%2Fwp%2Fv2%2Fcategories&post=3192"},{"taxonomy":"post_tag","embeddable":true,"href":"https:\/\/minutaregional.cl\/index.php?rest_route=%2Fwp%2Fv2%2Ftags&post=3192"}],"curies":[{"name":"wp","href":"https:\/\/api.w.org\/{rel}","templated":true}]}}