{"id":3186,"date":"2023-08-18T01:58:03","date_gmt":"2023-08-18T01:58:03","guid":{"rendered":"https:\/\/minutaregional.cl\/?p=3186"},"modified":"2023-08-18T02:00:08","modified_gmt":"2023-08-18T02:00:08","slug":"en-la-serena-celebraran-con-tremendas-promos-el-dia-mundial-de-las-papas-fritas","status":"publish","type":"post","link":"https:\/\/minutaregional.cl\/?p=3186","title":{"rendered":"En La Serena celebrar\u00e1n con tremendas promos el D\u00eda Mundial de las Papas Fritas"},"content":{"rendered":"<audio class=\"wp-audio-shortcode\" id=\"audio-3186-1\" preload=\"none\" style=\"width: 100%;\" controls=\"controls\"><source type=\"audio\/mpeg\" src=\"https:\/\/minutaregional.cl\/wp-content\/uploads\/2023\/08\/Nicolas-Zuleta-Dia-Papas-Fritas.mp3?_=1\" \/><a href=\"https:\/\/minutaregional.cl\/wp-content\/uploads\/2023\/08\/Nicolas-Zuleta-Dia-Papas-Fritas.mp3\">https:\/\/minutaregional.cl\/wp-content\/uploads\/2023\/08\/Nicolas-Zuleta-Dia-Papas-Fritas.mp3<\/a><\/audio>\n<p>AUDIO : Nicol\u00e1s Zuleta &#8211; D\u00eda Papas Fritas<\/p>\n<p style=\"text-align: justify;\"><em>La celebraci\u00f3n culinaria ser\u00e1 el s\u00e1bado 19 de agosto en INKubiertos, donde puedes elegir m\u00e1s de 18 alternativas de acompa\u00f1amientos y salsas. Adem\u00e1s, habr\u00e1 schops artesanales en promoci\u00f3n, articulando un excelente panorama.<\/em><\/p>\n<p style=\"text-align: justify;\">Infaltable en desayunos, almuerzos y cenas, posicion\u00e1ndose en uno de los imperdibles de la gastronom\u00eda planetaria. Nos referimos a las amadas <strong>papas fritas<\/strong>, las cuales est\u00e1n de fiesta en el marco de su <strong>d\u00eda internacional<\/strong>. En La Serena, la celebraci\u00f3n ser\u00e1 este <strong>s\u00e1bado 19 de agosto<\/strong> y contar\u00e1 con <strong>tremendas promociones<\/strong>, donde el <strong>acompa\u00f1amiento lo eliges tu. <\/strong><\/p>\n<p style=\"text-align: justify;\">El punto de encuentro ser\u00e1 <a href=\"https:\/\/www.instagram.com\/inkubiertos\/\"><strong>@inkubiertos<\/strong><\/a>, disponiendo de m\u00e1s de <strong>18 alternativas de acompa\u00f1amientos y salsas para tus \u201cfrench fries\u201d<\/strong>. \u201cEn este d\u00eda mundial de las papas fritas lanzaremos nuestra cocina por la ventana, para celebrar en grande junto a ti esta tremenda festividad. Calidad y buenos precios garantizados, los esperamos este s\u00e1bado <strong>desde las 18:00 horas en Huanhual\u00ed 790<\/strong>\u201d, detall\u00f3 Nicol\u00e1s Zuleta de INKubiertos.<\/p>\n<p style=\"text-align: justify;\">Con respecto a ello, las <strong>papas fritas peque\u00f1as<\/strong> estar\u00e1n a $4.500, mientras que las <strong>grandes <\/strong>$6.500, incluyendo por dicho monto salsa peque\u00f1a de la casa, adem\u00e1s de <strong>opci\u00f3n vegana<\/strong> de papa y zanahoria. Asimismo, los asistentes podr\u00e1n disfrutar de la promoci\u00f3n de <strong>2 schops artesanales a $6.000<\/strong>, esta \u00faltima v\u00e1lida por consumo m\u00ednimo personal en carta de $5.000.<\/p>\n<p style=\"text-align: justify;\"><strong>ACOMPA\u00d1AMIENTOS Y SALSAS <\/strong><\/p>\n<p style=\"text-align: justify;\">Las coberturas, conocidas como toppings, son pollo a la crema, chorizo asado, lomo saltado, carne mechada, tocino, huevo, camarones al ajillo, falafel, seit\u00e1n saltado, tofu apanado, guacamole y verduras salteadas, mientras que las salsas disponibles son 3 quesos, brava, vegana, vegana picante, queso azul e INK, las cuales puedes revisar m\u00e1s en detalle en el <strong>Instagram <\/strong><a href=\"https:\/\/www.instagram.com\/inkubiertos\/\"><strong>@inkubiertos<\/strong><\/a><strong>. <\/strong><\/p>\n<p style=\"text-align: justify;\">Un excelente panorama para disfrutar con quien gustes, el cual tambi\u00e9n contar\u00e1 con DJ en vivo y promos de Hookah. <strong>INKubiertos <\/strong>se ubica en<strong> Huanhual\u00ed 790, esquina Magallanes, cerca de Gabriel Gonz\u00e1lez Videla, La Serena<\/strong>. Lo descrito es hasta agotar stock.<\/p>\n","protected":false},"excerpt":{"rendered":"<p>AUDIO : Nicol\u00e1s Zuleta &#8211; D\u00eda Papas Fritas La celebraci\u00f3n culinaria ser\u00e1 el s\u00e1bado 19 de agosto en INKubiertos, donde puedes elegir m\u00e1s de 18 alternativas de acompa\u00f1amientos y salsas. Adem\u00e1s, habr\u00e1 schops artesanales en promoci\u00f3n, articulando un excelente panorama. Infaltable en desayunos, almuerzos y cenas, posicion\u00e1ndose en uno de<\/p>\n","protected":false},"author":1,"featured_media":3187,"comment_status":"closed","ping_status":"open","sticky":false,"template":"","format":"standard","meta":{"footnotes":""},"categories":[46],"tags":[],"class_list":["post-3186","post","type-post","status-publish","format-standard","has-post-thumbnail","hentry","category-indap"],"_links":{"self":[{"href":"https:\/\/minutaregional.cl\/index.php?rest_route=\/wp\/v2\/posts\/3186","targetHints":{"allow":["GET"]}}],"collection":[{"href":"https:\/\/minutaregional.cl\/index.php?rest_route=\/wp\/v2\/posts"}],"about":[{"href":"https:\/\/minutaregional.cl\/index.php?rest_route=\/wp\/v2\/types\/post"}],"author":[{"embeddable":true,"href":"https:\/\/minutaregional.cl\/index.php?rest_route=\/wp\/v2\/users\/1"}],"replies":[{"embeddable":true,"href":"https:\/\/minutaregional.cl\/index.php?rest_route=%2Fwp%2Fv2%2Fcomments&post=3186"}],"version-history":[{"count":3,"href":"https:\/\/minutaregional.cl\/index.php?rest_route=\/wp\/v2\/posts\/3186\/revisions"}],"predecessor-version":[{"id":3191,"href":"https:\/\/minutaregional.cl\/index.php?rest_route=\/wp\/v2\/posts\/3186\/revisions\/3191"}],"wp:featuredmedia":[{"embeddable":true,"href":"https:\/\/minutaregional.cl\/index.php?rest_route=\/wp\/v2\/media\/3187"}],"wp:attachment":[{"href":"https:\/\/minutaregional.cl\/index.php?rest_route=%2Fwp%2Fv2%2Fmedia&parent=3186"}],"wp:term":[{"taxonomy":"category","embeddable":true,"href":"https:\/\/minutaregional.cl\/index.php?rest_route=%2Fwp%2Fv2%2Fcategories&post=3186"},{"taxonomy":"post_tag","embeddable":true,"href":"https:\/\/minutaregional.cl\/index.php?rest_route=%2Fwp%2Fv2%2Ftags&post=3186"}],"curies":[{"name":"wp","href":"https:\/\/api.w.org\/{rel}","templated":true}]}}