{"id":3165,"date":"2023-07-28T00:43:59","date_gmt":"2023-07-28T00:43:59","guid":{"rendered":"https:\/\/minutaregional.cl\/?p=3165"},"modified":"2023-07-28T00:44:13","modified_gmt":"2023-07-28T00:44:13","slug":"alcalde-manouchehri-solicita-al-ministerio-del-interior-refuerzo-policial-para-entregar-mayor-seguridad-en-la-fiesta-de-la-pampilla","status":"publish","type":"post","link":"https:\/\/minutaregional.cl\/?p=3165","title":{"rendered":"Alcalde Manouchehri solicita al Ministerio del Interior refuerzo policial para entregar mayor seguridad en la Fiesta de La Pampilla"},"content":{"rendered":"<audio class=\"wp-audio-shortcode\" id=\"audio-3165-1\" preload=\"none\" style=\"width: 100%;\" controls=\"controls\"><source type=\"audio\/mpeg\" src=\"https:\/\/minutaregional.cl\/wp-content\/uploads\/2023\/07\/Alcalde-Ali-Manouchehri-Recuperacion-de-Espacios.mp3?_=1\" \/><a href=\"https:\/\/minutaregional.cl\/wp-content\/uploads\/2023\/07\/Alcalde-Ali-Manouchehri-Recuperacion-de-Espacios.mp3\">https:\/\/minutaregional.cl\/wp-content\/uploads\/2023\/07\/Alcalde-Ali-Manouchehri-Recuperacion-de-Espacios.mp3<\/a><\/audio>\n<p><em style=\"text-align: justify;\">AUDIO : Alcalde Ali Manouchehri, Recuperaci\u00f3n de Espacios.<\/em><\/p>\n<p><em style=\"text-align: justify;\">El jefe comunal se reuni\u00f3, junto al diputado Daniel Manouchehri y el presidente de la C\u00e1mara de Comercio Alexis Ram\u00edrez, con la ministra Carolina Toh\u00e1, quien comprometi\u00f3 evaluar diversos instrumentos de apoyo para reforzar la seguridad en la comuna.<\/em><\/p>\n<p style=\"text-align: justify;\"><em>En la cita, la Secretaria de Estado, destac\u00f3 el trabajo de Coquimbo en la Recuperaci\u00f3n de Espacios, liderado por el municipio con Carabineros, al que calific\u00f3 como \u201cun ejemplo\u201d que puede ser replicado en otras comunas de Chile.<\/em><\/p>\n<p style=\"text-align: justify;\">Que el retorno de La Pampilla sea en grande y que permita disfrutar de forma segura\u00a0 a las familias coquimbanas, es la premisa del alcalde Ali Manouchehri, quien se reuni\u00f3 en La Moneda con la ministra del Interior y Seguridad P\u00fablica, Carolina Toh\u00e1, para solicitar refuerzo policial durante las celebraciones patrias.<\/p>\n<p style=\"text-align: justify;\">Es que el aumento de la delincuencia y de la inseguridad es un tema que se ha tomado la agenda en todo el pa\u00eds, por lo que el alcalde quiso dar una se\u00f1al para un exitoso retorno de la \u201cFiesta m\u00e1s grande de Chile\u201d.<\/p>\n<p style=\"text-align: justify;\">En la reuni\u00f3n con la secretaria de Estado, Manouchehri fue acompa\u00f1ado por el director de Seguridad P\u00fablica, David D\u00edaz; el presidente de la C\u00e1mara de Comercio de Coquimbo, Alexis Ram\u00edrez y el diputado Daniel Manouchehri, con quienes revisaron los esfuerzos municipales en la exitosa recuperaci\u00f3n de espacios p\u00fablicos realizada en la comuna, principalmente en el sector centro y Parque O&#8217; Higgins; los avances del Plan calles Sin Violencia sy los proyectos que se desarrollar\u00e1n en Coquimbo, renovando espacios para las familias coquimbanas.<\/p>\n<p style=\"text-align: justify;\">Respecto a La Pampilla, el alcalde Manouchehri agradeci\u00f3 la disposici\u00f3n de la ministra y del gobierno del Presidente Gabriel Boric de escuchar y responder positivamente a la solicitud de entregar seguridad en la celebraci\u00f3n de Fiestas Patrias.<\/p>\n<p style=\"text-align: justify;\">\u201cLa ministra entiende y ha comprendido lo que significa un evento tan grande. Lo que estamos solicitando es poder contar con mayor cantidad de dotaci\u00f3n policial y eso es el compromiso que ha realizado la ministra, de acompa\u00f1arnos, apoyarnos y nos va a gestionar, junto al general director de Carabineros,\u00a0 la posibilidad de que podamos tener claridad de la cantidad de personal que vamos a contar y de qu\u00e9 manera el municipio va a complementar con seguridad privada, como tambi\u00e9n con nuestros funcionarios de Seguridad P\u00fablica\u201d, a\u00f1adi\u00f3 Manouchehri.<\/p>\n<p style=\"text-align: justify;\">No abandonar a Coquimbo y mucho menos durante la fiesta m\u00e1s grande de Chile, fue el compromiso de la ministra Toh\u00e1, quien agreg\u00f3 que se tomar\u00e1 \u201cel desaf\u00edo de La Pampilla, que este a\u00f1o est\u00e1 de vuelta, despu\u00e9s de varios a\u00f1os de interrupci\u00f3n. S\u00ed que nos importa mucho que la gente se pueda divertir y haya seguridad. Hacer compatible la diversi\u00f3n, la celebraci\u00f3n, con un contexto seguro donde no tengamos violencia, donde no tengamos delitos que lamentar\u201d.<\/p>\n<p style=\"text-align: justify;\">Por su parte, el diputado Daniel Manouchehri destac\u00f3 los alcances de la reuni\u00f3n que permiti\u00f3 solicitar al gobierno mayor apoyo en seguridad para que las familias coquimbanas puedan \u201cdisfrutar con alegr\u00eda, sin temor y con la confianza de los ciudadanos de que podr\u00e1n tener una fiesta en donde podr\u00e1n divertirse y compartir con su familia, sin el miedo a la delincuencia\u201d.<\/p>\n<p style=\"text-align: justify;\"><strong>\u201cCOQUIMBO ES UN EJEMPLO EN LA RECUPERACI\u00d3N DE ESPACIOS\u201d<\/strong><\/p>\n<p style=\"text-align: justify;\">Durante la reuni\u00f3n, la jefa de la cartera de Interior y Seguridad P\u00fablica pudo conocer\u00a0 profundamente las acciones ejecutadas desde la Municipalidad de Coquimbo, Carabineros y otras instituciones como la C\u00e1mara de Comercio, en materia de Recuperaci\u00f3n de Espacios P\u00fablicos, destacando a la comuna a nivel nacional y calific\u00e1ndola como una experiencia valiosa y\u00a0 ejemplo exitoso del trabajo mancomunado.<\/p>\n<p style=\"text-align: justify;\">\u201cLos problemas que han enfrentado y la manera exitosa en que los han resuelto puede ser una gu\u00eda para muchas otras ciudades del pa\u00eds. Aqu\u00ed desde el Ministerio del interior impulsamos varias iniciativas, programas que tienen que ver con recuperar el espacio p\u00fablico y lo realizado en coquimbo, empujado y liderado por el alcalde y apoyado por la Delegaci\u00f3n y de Carabineros, es muy esperanzador, porque este tipo de cambios en los centros urbanos cuesta lograr\u201d, indic\u00f3 la ministra Toh\u00e1.<\/p>\n<p style=\"text-align: justify;\">El alcalde Ali Manouchehri valor\u00f3 las palabras de la secretaria de Estado, que se suman ya a los elogios del Subsecretario Manuel Monsalve durante la erradicaci\u00f3n del comercio il\u00edcito en calle Aldunate. \u201cTenemos un centro despejado, tenemos un eje principal donde las familias transitan de manera tranquila, alegre y que, sin lugar a dudas, es un ejemplo a realizar en distintas ciudades de nuestro pa\u00eds que viene a ser reforzado, hoy d\u00eda, con inversi\u00f3n p\u00fablica que va a permitir embellecer esos espacios y que sean devueltos a la familia coquimbana\u201d.<\/p>\n<p style=\"text-align: justify;\">Asi por ejemplo, ya se trabaja en diversos proyectos que buscan mejorar la imagen del centro de Coquimbo y del Parque O\u00b4Higgins que junto a fuentes de financiamiento externas, incluye una inversi\u00f3n de recursos municipales por m\u00e1s de $2800 millones, inyecci\u00f3n de dineros gracias al ordenamiento financiero y la recuperaci\u00f3n de la confianza de proveedores en la gesti\u00f3n municipal.<\/p>\n<p style=\"text-align: justify;\">En el mejoramiento integral del Parque O\u00b4Higgins se considera la instalaci\u00f3n de nuevas \u00e1reas de juegos, mejoramiento de ba\u00f1os, pavimentaci\u00f3n de caminos e instalaci\u00f3n de mobiliaria y luminarias. Mientras, en la zona centro se proyecta el mejoramiento del sector del Empalme, entre Camilo Henr\u00edquez y Diego portales; mejoramiento y peatonalizaci\u00f3n de Calle Aldunate, entre Diego portales y Las Heras, habilitaci\u00f3n de paseo peatonal frente a Edificio Consistorial; construcci\u00f3n y habilitaci\u00f3n de Auditorio municipal, Habilitaci\u00f3n de Plaza C\u00edvica en el frontis de Edificio Consistorial y el mejoramiento del zigzag en Calle Lastra, entre otros.<\/p>\n<p style=\"text-align: justify;\">Con respecto a la Plaza de Armas se realizar\u00e1 una completa intervenci\u00f3n que incluye el recambio de luminarias, el mejoramiento de las piletas y la renovaci\u00f3n de Ba\u00f1os y Camarines. A esta intervenci\u00f3n tambi\u00e9n se sumar\u00e1 la Plaza Vicu\u00f1a Mackenna del Barrio Ingl\u00e9s.<\/p>\n<p style=\"text-align: justify;\">Alexis Ram\u00edrez, presidente de la C\u00e1mara de Comercio valor\u00f3 la reuni\u00f3n y la opini\u00f3n de la ministra que ha permitido recuperar espacios y mantener el centro como un espacio de libre tr\u00e1nsito. \u201cYo estoy ac\u00e1 para apoyar a la administraci\u00f3n municipal, entendiendo que los trabajos mancomunados entre lo p\u00fablico y lo privado s\u00ed dan resultados y se pueden obtener grandes cosas\u201d, concluy\u00f3 Ram\u00edrez.<\/p>\n","protected":false},"excerpt":{"rendered":"<p>AUDIO : Alcalde Ali Manouchehri, Recuperaci\u00f3n de Espacios. El jefe comunal se reuni\u00f3, junto al diputado Daniel Manouchehri y el presidente de la C\u00e1mara de Comercio Alexis Ram\u00edrez, con la ministra Carolina Toh\u00e1, quien comprometi\u00f3 evaluar diversos instrumentos de apoyo para reforzar la seguridad en la comuna. En la cita,<\/p>\n","protected":false},"author":1,"featured_media":3166,"comment_status":"closed","ping_status":"open","sticky":false,"template":"","format":"standard","meta":{"footnotes":""},"categories":[26,21,1],"tags":[],"class_list":["post-3165","post","type-post","status-publish","format-standard","has-post-thumbnail","hentry","category-camara-de-diputadas-y-diputados","category-municipalidades","category-noticias-regionales"],"_links":{"self":[{"href":"https:\/\/minutaregional.cl\/index.php?rest_route=\/wp\/v2\/posts\/3165","targetHints":{"allow":["GET"]}}],"collection":[{"href":"https:\/\/minutaregional.cl\/index.php?rest_route=\/wp\/v2\/posts"}],"about":[{"href":"https:\/\/minutaregional.cl\/index.php?rest_route=\/wp\/v2\/types\/post"}],"author":[{"embeddable":true,"href":"https:\/\/minutaregional.cl\/index.php?rest_route=\/wp\/v2\/users\/1"}],"replies":[{"embeddable":true,"href":"https:\/\/minutaregional.cl\/index.php?rest_route=%2Fwp%2Fv2%2Fcomments&post=3165"}],"version-history":[{"count":1,"href":"https:\/\/minutaregional.cl\/index.php?rest_route=\/wp\/v2\/posts\/3165\/revisions"}],"predecessor-version":[{"id":3168,"href":"https:\/\/minutaregional.cl\/index.php?rest_route=\/wp\/v2\/posts\/3165\/revisions\/3168"}],"wp:featuredmedia":[{"embeddable":true,"href":"https:\/\/minutaregional.cl\/index.php?rest_route=\/wp\/v2\/media\/3166"}],"wp:attachment":[{"href":"https:\/\/minutaregional.cl\/index.php?rest_route=%2Fwp%2Fv2%2Fmedia&parent=3165"}],"wp:term":[{"taxonomy":"category","embeddable":true,"href":"https:\/\/minutaregional.cl\/index.php?rest_route=%2Fwp%2Fv2%2Fcategories&post=3165"},{"taxonomy":"post_tag","embeddable":true,"href":"https:\/\/minutaregional.cl\/index.php?rest_route=%2Fwp%2Fv2%2Ftags&post=3165"}],"curies":[{"name":"wp","href":"https:\/\/api.w.org\/{rel}","templated":true}]}}