{"id":3162,"date":"2023-07-19T01:49:22","date_gmt":"2023-07-19T01:49:22","guid":{"rendered":"https:\/\/minutaregional.cl\/?p=3162"},"modified":"2023-07-19T01:49:22","modified_gmt":"2023-07-19T01:49:22","slug":"visitan-desaladora-en-caldera-para-replicar-en-la-region-de-coquimbo","status":"publish","type":"post","link":"https:\/\/minutaregional.cl\/?p=3162","title":{"rendered":"VISITAN DESALADORA EN CALDERA PARA REPLICAR EN LA REGI\u00d3N DE COQUIMBO"},"content":{"rendered":"<div style=\"text-align: justify;\"><i>&#8211; La idea es crear una desaladora estatal para la regi\u00f3n de Coquimbo, asegurando el consumo humano y para otras actividades productivas.\u00a0<\/i><\/div>\n<div style=\"text-align: justify;\"><\/div>\n<div style=\"text-align: justify;\">En Chile actualmente hay 24 Plantas Desaladoras funcionando y una de ellas es la que est\u00e1 ubicada en la comuna de Caldera, en la regi\u00f3n de Atacama. All\u00ed fueron\u00a0autoridades de la regi\u00f3n de Coquimbo, entre ellas la diputada Carolina Tello, a conocer la experiencia\u00a0de la desaladora\u00a0\u00abNueva Atacama\u00bb, la primera\u00a0estatal y que abastece a m\u00e1s de 220 mil personas\u00a0de las comunas de Caldera, Cha\u00f1aral, Copiap\u00f3 y Tierra\u00a0Amarilla, el 75% de la poblaci\u00f3n de esa regi\u00f3n.<\/div>\n<div style=\"text-align: justify;\"><\/div>\n<div style=\"text-align: justify;\">\u00abLa verdad es que ha sido una visita muy interesante, hemos podido aclarar muchas dudas, sobre todo el impacto medioambiental. Esta empresa tiene un premio internacional por su responsabilidad ecol\u00f3gica, por su bajo impacto en relaci\u00f3n al beneficio que produce\u00a0para consumo humano, es necesario para la vida\u00bb, afirm\u00f3 la diputada Tello.<\/div>\n<div style=\"text-align: justify;\"><\/div>\n<div style=\"text-align: justify;\">La legisladora\u00a0agreg\u00f3 que \u00abpor supuesto\u00a0tambi\u00e9n sirve para las diferentes actividades econ\u00f3micas y productivas, sustentables lo que queremos\u00a0robustecer en nuestra\u00a0regi\u00f3n de Coquimbo. Me voy contenta y tranquila, con una buena impresi\u00f3n, con un trabajo serio, responsable\u00a0y comprometido con la sociedad\u00bb.<\/div>\n<div style=\"text-align: justify;\"><\/div>\n<div style=\"text-align: justify;\">El senador Daniel N\u00fa\u00f1ez quien estuvo presente\u00a0tambi\u00e9n en el lugar, indic\u00f3 que \u00abEs una Planta esencial para\u00a0asegurar un derecho humano, el acceso al agua y nos parece que una iniciativa de este tipo, es lo que necesitamos para la regi\u00f3n\u00a0de Coquimbo ya que sabemos que en tres, cuatro\u00a0a\u00f1os m\u00e1s nos podemos quedar\u00a0sin agua para consumo humano. Es una excelente iniciativa y vamos a empujar para que nuestro Gobierno, el Gobierno del Pdte Gabriel Boric, adopte una decisi\u00f3n similar\u00a0en nuestra regi\u00f3n\u00bb.<\/div>\n<div style=\"text-align: justify;\"><\/div>\n<div style=\"text-align: justify;\"><span style=\"font-family: arial, sans-serif;\">Para esta desaladora, de la empresa\u00a0Econssa (Empresa Concesionaria de Servicios\u00a0Sanitarios), se c<span style=\"color: #000000;\">onsider\u00f3 una inversi\u00f3n de US$250 millones. Est\u00e1 emplazada en el sector de Punta Zorro, en Caldera. Desde all\u00ed, el agua de mar es desalinizada y enviada por tuber\u00edas de unos 39 kil\u00f3metros a distintos puntos de abastecimiento de las comunas de Atacama como Caldera, Cha\u00f1aral, Copiap\u00f3 y Tierra Amarilla.<\/span><\/span><\/div>\n<div style=\"text-align: justify;\"><\/div>\n","protected":false},"excerpt":{"rendered":"<p>&#8211; La idea es crear una desaladora estatal para la regi\u00f3n de Coquimbo, asegurando el consumo humano y para otras actividades productivas.\u00a0 En Chile actualmente hay 24 Plantas Desaladoras funcionando y una de ellas es la que est\u00e1 ubicada en la comuna de Caldera, en la regi\u00f3n de Atacama. All\u00ed<\/p>\n","protected":false},"author":1,"featured_media":3163,"comment_status":"closed","ping_status":"open","sticky":false,"template":"","format":"standard","meta":{"footnotes":""},"categories":[26],"tags":[],"class_list":["post-3162","post","type-post","status-publish","format-standard","has-post-thumbnail","hentry","category-camara-de-diputadas-y-diputados"],"_links":{"self":[{"href":"https:\/\/minutaregional.cl\/index.php?rest_route=\/wp\/v2\/posts\/3162","targetHints":{"allow":["GET"]}}],"collection":[{"href":"https:\/\/minutaregional.cl\/index.php?rest_route=\/wp\/v2\/posts"}],"about":[{"href":"https:\/\/minutaregional.cl\/index.php?rest_route=\/wp\/v2\/types\/post"}],"author":[{"embeddable":true,"href":"https:\/\/minutaregional.cl\/index.php?rest_route=\/wp\/v2\/users\/1"}],"replies":[{"embeddable":true,"href":"https:\/\/minutaregional.cl\/index.php?rest_route=%2Fwp%2Fv2%2Fcomments&post=3162"}],"version-history":[{"count":1,"href":"https:\/\/minutaregional.cl\/index.php?rest_route=\/wp\/v2\/posts\/3162\/revisions"}],"predecessor-version":[{"id":3164,"href":"https:\/\/minutaregional.cl\/index.php?rest_route=\/wp\/v2\/posts\/3162\/revisions\/3164"}],"wp:featuredmedia":[{"embeddable":true,"href":"https:\/\/minutaregional.cl\/index.php?rest_route=\/wp\/v2\/media\/3163"}],"wp:attachment":[{"href":"https:\/\/minutaregional.cl\/index.php?rest_route=%2Fwp%2Fv2%2Fmedia&parent=3162"}],"wp:term":[{"taxonomy":"category","embeddable":true,"href":"https:\/\/minutaregional.cl\/index.php?rest_route=%2Fwp%2Fv2%2Fcategories&post=3162"},{"taxonomy":"post_tag","embeddable":true,"href":"https:\/\/minutaregional.cl\/index.php?rest_route=%2Fwp%2Fv2%2Ftags&post=3162"}],"curies":[{"name":"wp","href":"https:\/\/api.w.org\/{rel}","templated":true}]}}