{"id":3152,"date":"2023-07-19T01:06:31","date_gmt":"2023-07-19T01:06:31","guid":{"rendered":"https:\/\/minutaregional.cl\/?p=3152"},"modified":"2023-07-19T01:06:31","modified_gmt":"2023-07-19T01:06:31","slug":"acuicultores-y-acuicultoras-de-pequena-escala-pueden-postular-a-fondo-de-apoyo-de-indespa-por-1-500-millones-de-pesos-para-la-zona-centro-norte","status":"publish","type":"post","link":"https:\/\/minutaregional.cl\/?p=3152","title":{"rendered":"Acuicultores y acuicultoras de peque\u00f1a escala pueden postular a fondo de apoyo de Indespa por 1.500 millones de pesos para la zona centro norte"},"content":{"rendered":"<p style=\"text-align: justify;\"><strong>Lunes Julio de 2023.- <\/strong>Impulsar el fomento y desarrollo de la acuicultura peque\u00f1a escala con enfoque en la macrozona norte, es el principal objetivo del fondo concursable territorial por 1.500 millones de pesos que ejecuta el Instituto Nacional de Desarrollo Sustentable de la Pesca Artesanal y de la Acuicultura de Peque\u00f1a Escala, Indespa.<\/p>\n<p style=\"text-align: justify;\">La convocatoria, vigente hasta el 23 de julio pr\u00f3ximo, brinda cobertura desde la regi\u00f3n de Valpara\u00edso hasta Tarapac\u00e1, permitiendo a las y los peque\u00f1os productores a acceder a financiamiento de proyectos hasta de 25 y 50 millones de pesos, seg\u00fan el tipo de cultivo.<\/p>\n<p style=\"text-align: justify;\">\u201cLa acuicultura de peque\u00f1a escala es una actividad importante, es una acuicultura sostenible y permite una serie de productos como el osti\u00f3n, para proveer productos sanos y nutritivos a la poblaci\u00f3n. Nosotros tenemos que fomentar la acuicultura de peque\u00f1a escala, y es por eso, que estamos destinando un programa de financiamiento de 1500 millones de pesos para la zona norte, y tres mil millones de pesos a nivel nacional, para seguir apoyando el desarrollo de estos centros de cultivo\u201d, <strong>subray\u00f3 Leonardo Llanos, director ejecutivo de Indespa. <\/strong><\/p>\n<p style=\"text-align: justify;\"><strong>\u00a0<\/strong>Por su parte, <strong>P\u00eda Castillo, Seremi de Econom\u00eda, Fomento y Turismo de la Regi\u00f3n de Coquimbo<\/strong>, invit\u00f3 a postular a este fondo e indic\u00f3 que \u201cIndespa es un aliado estrat\u00e9gico para la pesca artesanal, ya que, a trav\u00e9s de sus proyectos, financia tecnolog\u00eda, conocimiento e innovaci\u00f3n para generar una producci\u00f3n m\u00e1s rentable, sustentable y amigable con el medio ambiente y las comunidades. Llamamos a todas las organizaciones de pescadores artesanales o acuicultores de peque\u00f1a escala a informarse sobre este fondo, en el sitio web de Indespa, <a href=\"http:\/\/www.indespa.cl\">www.indespa.cl<\/a> y optar a esta ayuda, muy \u00fatil en el fomento a este importante sector productivo\u201d.<\/p>\n<p style=\"text-align: justify;\"><strong>Convocatoria<\/strong><\/p>\n<p style=\"text-align: justify;\">El llamado macrozonal est\u00e1 dirigido\u00a0a personas naturales, jur\u00eddicas u organizaciones de pescadores\/as artesanales o acuicultores\/as de peque\u00f1a escala, que sean titular de centro de cultivo en porciones de agua, fondo y playa, o de un permiso de acuicultura o acuicultura experimental en AMERB. Contempla financiamiento para centros en agua y fondo, que pueden acceder a proyectos hasta por 25 millones de pesos para la adquisici\u00f3n de estructuras, insumos y\/o equipamientos, y considera adem\u00e1s una asistencia t\u00e9cnica especializada para la definici\u00f3n del perfil productivo, que permitir\u00e1 determinar caracter\u00edsticas relevantes de cada proyecto, analizando su estado de situaci\u00f3n y capacidades o potencialidades productivas y de diversificaci\u00f3n.<\/p>\n<p style=\"text-align: justify;\">Una segunda l\u00ednea de apoyo es para centros emplazados en tierra o terrenos de playa, a trav\u00e9s de proyectos hasta por 50 millones de pesos para adquirir estructuras, insumos y\/o equipamientos para su implementaci\u00f3n o desarrollo.<\/p>\n<p style=\"text-align: justify;\">Las postulaciones cierran el 23 de julio y las bases de concurso est\u00e1n disponibles en <a href=\"http:\/\/www.indespa.cl\">www.indespa.cl<\/a>.<\/p>\n","protected":false},"excerpt":{"rendered":"<p>Lunes Julio de 2023.- Impulsar el fomento y desarrollo de la acuicultura peque\u00f1a escala con enfoque en la macrozona norte, es el principal objetivo del fondo concursable territorial por 1.500 millones de pesos que ejecuta el Instituto Nacional de Desarrollo Sustentable de la Pesca Artesanal y de la Acuicultura de<\/p>\n","protected":false},"author":1,"featured_media":3153,"comment_status":"closed","ping_status":"open","sticky":false,"template":"","format":"standard","meta":{"footnotes":""},"categories":[1,39],"tags":[],"class_list":["post-3152","post","type-post","status-publish","format-standard","has-post-thumbnail","hentry","category-noticias-regionales","category-sercotec"],"_links":{"self":[{"href":"https:\/\/minutaregional.cl\/index.php?rest_route=\/wp\/v2\/posts\/3152","targetHints":{"allow":["GET"]}}],"collection":[{"href":"https:\/\/minutaregional.cl\/index.php?rest_route=\/wp\/v2\/posts"}],"about":[{"href":"https:\/\/minutaregional.cl\/index.php?rest_route=\/wp\/v2\/types\/post"}],"author":[{"embeddable":true,"href":"https:\/\/minutaregional.cl\/index.php?rest_route=\/wp\/v2\/users\/1"}],"replies":[{"embeddable":true,"href":"https:\/\/minutaregional.cl\/index.php?rest_route=%2Fwp%2Fv2%2Fcomments&post=3152"}],"version-history":[{"count":1,"href":"https:\/\/minutaregional.cl\/index.php?rest_route=\/wp\/v2\/posts\/3152\/revisions"}],"predecessor-version":[{"id":3154,"href":"https:\/\/minutaregional.cl\/index.php?rest_route=\/wp\/v2\/posts\/3152\/revisions\/3154"}],"wp:featuredmedia":[{"embeddable":true,"href":"https:\/\/minutaregional.cl\/index.php?rest_route=\/wp\/v2\/media\/3153"}],"wp:attachment":[{"href":"https:\/\/minutaregional.cl\/index.php?rest_route=%2Fwp%2Fv2%2Fmedia&parent=3152"}],"wp:term":[{"taxonomy":"category","embeddable":true,"href":"https:\/\/minutaregional.cl\/index.php?rest_route=%2Fwp%2Fv2%2Fcategories&post=3152"},{"taxonomy":"post_tag","embeddable":true,"href":"https:\/\/minutaregional.cl\/index.php?rest_route=%2Fwp%2Fv2%2Ftags&post=3152"}],"curies":[{"name":"wp","href":"https:\/\/api.w.org\/{rel}","templated":true}]}}