{"id":3148,"date":"2023-07-14T03:03:45","date_gmt":"2023-07-14T03:03:45","guid":{"rendered":"https:\/\/minutaregional.cl\/?p=3148"},"modified":"2023-07-14T03:21:36","modified_gmt":"2023-07-14T03:21:36","slug":"el-dia-del-tatuaje-se-celebrara-en-la-serena-con-evento-promos-concursos-y-mucha-tinta","status":"publish","type":"post","link":"https:\/\/minutaregional.cl\/?p=3148","title":{"rendered":"El D\u00eda del Tatuaje se Celebrar\u00e1 en La Serena con Evento, Promos, Concursos y Mucha Tinta"},"content":{"rendered":"<p><strong>El d\u00eda del tatuaje se celebrar\u00e1 en La Serena con evento, promos, concursos y mucha tinta<\/strong><\/p>\n<p><em>La fecha m\u00e1s esperada por los amantes de los tatuajes ya se siente en el ambiente. La celebraci\u00f3n, en el caso de La Serena, ser\u00e1 en INKubiertos el s\u00e1bado 15 de julio.<\/em><\/p>\n<p>Ya no queda nada para el <strong>D\u00eda Internacional del Tatuaje<\/strong>, una festividad que representa emoci\u00f3n, sentimientos, arte y m\u00e1s. <strong>Su celebraci\u00f3n ser\u00e1 en grande en La Serena<\/strong>, con un <strong>encuentro entre personas tatuadas y tatuadores, tattoos flash, promociones, concursos y mucha tinta<\/strong>, evento programado para este <strong>s\u00e1bado 15 de julio. <\/strong><\/p>\n<p>La instancia ser\u00e1 en <a href=\"https:\/\/www.instagram.com\/inkubiertos\/\"><strong>@inkubiertos<\/strong><\/a>, siendo la apertura de puertas a las 18:00 horas. \u201cVen y participa, tendremos varios premios, entre ellos <strong>gift card por $150.000<\/strong> en tatuajes y promociones en carta. La invitaci\u00f3n es tambi\u00e9n para colegas, tendremos un regalito de bienvenida para ustedes, adem\u00e1s de concursos de lienzos con premios en diferentes categor\u00edas\u201d, se\u00f1al\u00f3 Juan Pablo Torres, encargado del staff de tatuajes.<\/p>\n<p>Junto a <a href=\"https:\/\/www.instagram.com\/juampa.tattoo\/\">@juampa.tattoo<\/a> participar\u00e1 <a href=\"https:\/\/www.instagram.com\/anthrax_tattoo\/\">@anthrax_tattoo<\/a> y <a href=\"https:\/\/www.instagram.com\/tiare.tattoo\/\">@tiare.tattoo<\/a>, quienes estar\u00e1n realizando <strong>tatuajes flash a costo reducido<\/strong>. Se trata de tattoos de r\u00e1pida ejecuci\u00f3n y en zonas corporales de f\u00e1cil acceso, siendo los dise\u00f1os establecidos previamente por el <strong>equipo art\u00edstico de INKubiertos<\/strong>. Aquellos los podr\u00e1s revisar este 15 de julio en el local.<\/p>\n<p>En cuanto a concursos, <strong>se premiar\u00e1 entre los presentes a los mejores tatuajes por estilos, siendo algunos black and grey y full color.<\/strong> Pero ello no es todo, dado que las personas asistentes ser\u00e1n invitadas a un acercamiento al mundo del tattoo a trav\u00e9s de <strong>plantillas stencils en el cuerpo y tatuajes de henna. <\/strong><\/p>\n<p><strong>\u00a1S\u00daPER PROMOS! <\/strong><\/p>\n<p>Los tatuadores que asistan a la actividad recibir\u00e1n un schop artesanal o un pisco sour de cortes\u00eda, disponible aquello hasta las 00:00 horas. En cuanto al p\u00fablico general, estar\u00e1 disponible la promo de <strong>2 gin variedades x $10.000<\/strong>, siendo las alternativas Tonic, 97, Verano y Tropical. Ello es sujeto a consumo personal y presencial en carta desde $5.000.<\/p>\n<p>La actividad adem\u00e1s contar\u00e1 con DJ en vivo, siendo la direcci\u00f3n <strong>Huanhual\u00ed 790, esquina Magallanes, cerca de Gabriel Gonz\u00e1lez Videla<\/strong>, La Serena. Lo descrito es hasta agotar stock. M\u00e1s informaci\u00f3n en el <strong>Instagram <\/strong><a href=\"https:\/\/www.instagram.com\/inkubiertos\/\"><strong>@inkubiertos<\/strong><\/a><strong>.<\/strong><\/p>\n","protected":false},"excerpt":{"rendered":"<p>El d\u00eda del tatuaje se celebrar\u00e1 en La Serena con evento, promos, concursos y mucha tinta La fecha m\u00e1s esperada por los amantes de los tatuajes ya se siente en el ambiente. La celebraci\u00f3n, en el caso de La Serena, ser\u00e1 en INKubiertos el s\u00e1bado 15 de julio. Ya no<\/p>\n","protected":false},"author":1,"featured_media":3149,"comment_status":"closed","ping_status":"open","sticky":false,"template":"","format":"standard","meta":{"footnotes":""},"categories":[46],"tags":[],"class_list":["post-3148","post","type-post","status-publish","format-standard","has-post-thumbnail","hentry","category-indap"],"_links":{"self":[{"href":"https:\/\/minutaregional.cl\/index.php?rest_route=\/wp\/v2\/posts\/3148","targetHints":{"allow":["GET"]}}],"collection":[{"href":"https:\/\/minutaregional.cl\/index.php?rest_route=\/wp\/v2\/posts"}],"about":[{"href":"https:\/\/minutaregional.cl\/index.php?rest_route=\/wp\/v2\/types\/post"}],"author":[{"embeddable":true,"href":"https:\/\/minutaregional.cl\/index.php?rest_route=\/wp\/v2\/users\/1"}],"replies":[{"embeddable":true,"href":"https:\/\/minutaregional.cl\/index.php?rest_route=%2Fwp%2Fv2%2Fcomments&post=3148"}],"version-history":[{"count":1,"href":"https:\/\/minutaregional.cl\/index.php?rest_route=\/wp\/v2\/posts\/3148\/revisions"}],"predecessor-version":[{"id":3150,"href":"https:\/\/minutaregional.cl\/index.php?rest_route=\/wp\/v2\/posts\/3148\/revisions\/3150"}],"wp:featuredmedia":[{"embeddable":true,"href":"https:\/\/minutaregional.cl\/index.php?rest_route=\/wp\/v2\/media\/3149"}],"wp:attachment":[{"href":"https:\/\/minutaregional.cl\/index.php?rest_route=%2Fwp%2Fv2%2Fmedia&parent=3148"}],"wp:term":[{"taxonomy":"category","embeddable":true,"href":"https:\/\/minutaregional.cl\/index.php?rest_route=%2Fwp%2Fv2%2Fcategories&post=3148"},{"taxonomy":"post_tag","embeddable":true,"href":"https:\/\/minutaregional.cl\/index.php?rest_route=%2Fwp%2Fv2%2Ftags&post=3148"}],"curies":[{"name":"wp","href":"https:\/\/api.w.org\/{rel}","templated":true}]}}