{"id":3131,"date":"2023-07-06T01:35:24","date_gmt":"2023-07-06T01:35:24","guid":{"rendered":"https:\/\/minutaregional.cl\/?p=3131"},"modified":"2023-07-06T01:41:24","modified_gmt":"2023-07-06T01:41:24","slug":"intervencion-veterinaria-continua-promoviendo-la-tenencia-responsable-de-mascotas-en-la-parte-alta-de-coquimbo","status":"publish","type":"post","link":"https:\/\/minutaregional.cl\/?p=3131","title":{"rendered":"Intervenci\u00f3n Veterinaria Contin\u00faa Promoviendo la Tenencia Responsable de Mascotas en la Parte Alta de Coquimbo"},"content":{"rendered":"<audio class=\"wp-audio-shortcode\" id=\"audio-3131-1\" preload=\"none\" style=\"width: 100%;\" controls=\"controls\"><source type=\"audio\/mpeg\" src=\"https:\/\/minutaregional.cl\/wp-content\/uploads\/2023\/07\/Karla-Romero-Delegada-Municipal-Parte-Alta.mp3?_=1\" \/><a href=\"https:\/\/minutaregional.cl\/wp-content\/uploads\/2023\/07\/Karla-Romero-Delegada-Municipal-Parte-Alta.mp3\">https:\/\/minutaregional.cl\/wp-content\/uploads\/2023\/07\/Karla-Romero-Delegada-Municipal-Parte-Alta.mp3<\/a><\/audio>\n<p>Karla Romero, Delegada Municipal del sector Parte Alta.<\/p>\n<audio class=\"wp-audio-shortcode\" id=\"audio-3131-2\" preload=\"none\" style=\"width: 100%;\" controls=\"controls\"><source type=\"audio\/mpeg\" src=\"https:\/\/minutaregional.cl\/wp-content\/uploads\/2023\/07\/Gabriel-Sepulveda-Medico-Veterinario.mp3?_=2\" \/><a href=\"https:\/\/minutaregional.cl\/wp-content\/uploads\/2023\/07\/Gabriel-Sepulveda-Medico-Veterinario.mp3\">https:\/\/minutaregional.cl\/wp-content\/uploads\/2023\/07\/Gabriel-Sepulveda-Medico-Veterinario.mp3<\/a><\/audio>\n<p>Gabriel Sep\u00falveda, M\u00e9dico Veterinario de Cannes.<\/p>\n<p style=\"text-align: justify;\">Gracias a la alianza p\u00fablico-privada entre el Municipio de Coquimbo y la empresa de alimentos para mascotas \u201cCannes\u201d, este martes, se realiz\u00f3 en el sector El Canelo de la Parte de Alta de Coquimbo, la primera fecha del \u201cTour Cannes 2023\u201d, una intervenci\u00f3n barrial que entreg\u00f3 atenci\u00f3n veterinaria primaria e implantaci\u00f3n gratuita de 70 microchips de identificaci\u00f3n a mascotas de los vecinos y vecinas del sector.<\/p>\n<p style=\"text-align: justify;\">La iniciativa, desarrollada en la multicancha El Canelo, forma parte de una gira a nivel nacional, donde Coquimbo se convirti\u00f3 en la primera comuna del pa\u00eds en recibir estos servicios veterinarios gratuitos, que contribuyen a seguir promoviendo junto al Municipio, la tenencia responsable de mascotas entre la comunidad.<\/p>\n<p style=\"text-align: justify;\">\u201cEsta es la primera jornada de inspecci\u00f3n y colocaci\u00f3n de microchip para las comunidades. La idea es promover la tenencia responsable y uno de los grandes \u00edtems es la inscripci\u00f3n y el registro de mascotas, porque adem\u00e1s es la forma en la que se puede fiscalizar la tenencia de unas mascotas\u201d, indic\u00f3 Gabriel Sep\u00falveda, M\u00e9dico veterinario de Cannes.<\/p>\n<p style=\"text-align: justify;\">Ariel Rivera, fue uno de los vecinos que aprovech\u00f3 la oportunidad y accedi\u00f3 al servicio de implantaci\u00f3n de chip para sus perritos, \u201cEs necesario porque a veces hay gente que no tiene c\u00f3mo pagar las cosas y esto sirve para cuidar a nuestros animales\u201d, precis\u00f3.<\/p>\n<p style=\"text-align: justify;\">La jornada no s\u00f3lo incluy\u00f3 atenci\u00f3n veterinaria en el territorio, sino tambi\u00e9n, una charla sobre tenencia responsable de mascotas, donde se entregaron consejos de alimentaci\u00f3n saludable y cuidados b\u00e1sicos para el bienestar integral de las mascotas.<\/p>\n<p style=\"text-align: justify;\">Adem\u00e1s, el Centro M\u00e9dico Veterinario Municipal de Coquimbo (Cemevet), instal\u00f3 un stand para atenci\u00f3n primaria, educaci\u00f3n sobre la Ley 21.020 y la Ordenanza Municipal e informaci\u00f3n sobre todos los servicios que se entregan diariamente a la comunidad.<\/p>\n<p style=\"text-align: justify;\">\u201cTrabajamos durante todo el a\u00f1o, tenemos un programa de esterilizaci\u00f3n, tenemos charlas informativas en juntas de vecinos, agrupaciones sociales y prontamente queremos iniciar en los colegios. Tenemos el servicio de implantaci\u00f3n de microchip en operativos, operativos de vacunaci\u00f3n y la gente puede coordinarlo con nosotros mediante el n\u00famero telef\u00f3nico, correos municipales o las redes sociales\u201d, indic\u00f3 Alejandro Espinosa, M\u00e9dico Veterinario de Cemevet.<\/p>\n<p style=\"text-align: justify;\">Karla Romero, Delegada Municipal del sector Parte Alta, valor\u00f3 la llegada de esta intervenci\u00f3n al territorio y destac\u00f3 la importancia que reviste para sus vecinos y vecinas, acceder a servicios veterinarios gratuitos, \u201cEstamos sumamente contentos de poder llegar a este sector de la Parte Alta, muchas veces olvidado en cuanto a tenencia responsable de mascotas. Hoy nos sentimos privilegiados de que nos hayan elegido y de iniciar ac\u00e1 un tour de la empresa Cannes, porque hoy en d\u00eda es sumamente importante que las personas tengan conciencia de sus animales, sobre todo en este sector donde hay mucho animal abandonado y callejero. Nosotros vamos a continuar trabajando con el Cemevet, dentro de nuestro territorio y la idea es poder llegar con este tipo de iniciativa a todas nuestras organizaciones\u201d, finaliz\u00f3.<\/p>\n<p style=\"text-align: justify;\">\n","protected":false},"excerpt":{"rendered":"<p>Karla Romero, Delegada Municipal del sector Parte Alta. Gabriel Sep\u00falveda, M\u00e9dico Veterinario de Cannes. Gracias a la alianza p\u00fablico-privada entre el Municipio de Coquimbo y la empresa de alimentos para mascotas \u201cCannes\u201d, este martes, se realiz\u00f3 en el sector El Canelo de la Parte de Alta de Coquimbo, la primera<\/p>\n","protected":false},"author":1,"featured_media":3132,"comment_status":"closed","ping_status":"open","sticky":false,"template":"","format":"standard","meta":{"footnotes":""},"categories":[21],"tags":[],"class_list":["post-3131","post","type-post","status-publish","format-standard","has-post-thumbnail","hentry","category-municipalidades"],"_links":{"self":[{"href":"https:\/\/minutaregional.cl\/index.php?rest_route=\/wp\/v2\/posts\/3131","targetHints":{"allow":["GET"]}}],"collection":[{"href":"https:\/\/minutaregional.cl\/index.php?rest_route=\/wp\/v2\/posts"}],"about":[{"href":"https:\/\/minutaregional.cl\/index.php?rest_route=\/wp\/v2\/types\/post"}],"author":[{"embeddable":true,"href":"https:\/\/minutaregional.cl\/index.php?rest_route=\/wp\/v2\/users\/1"}],"replies":[{"embeddable":true,"href":"https:\/\/minutaregional.cl\/index.php?rest_route=%2Fwp%2Fv2%2Fcomments&post=3131"}],"version-history":[{"count":3,"href":"https:\/\/minutaregional.cl\/index.php?rest_route=\/wp\/v2\/posts\/3131\/revisions"}],"predecessor-version":[{"id":3137,"href":"https:\/\/minutaregional.cl\/index.php?rest_route=\/wp\/v2\/posts\/3131\/revisions\/3137"}],"wp:featuredmedia":[{"embeddable":true,"href":"https:\/\/minutaregional.cl\/index.php?rest_route=\/wp\/v2\/media\/3132"}],"wp:attachment":[{"href":"https:\/\/minutaregional.cl\/index.php?rest_route=%2Fwp%2Fv2%2Fmedia&parent=3131"}],"wp:term":[{"taxonomy":"category","embeddable":true,"href":"https:\/\/minutaregional.cl\/index.php?rest_route=%2Fwp%2Fv2%2Fcategories&post=3131"},{"taxonomy":"post_tag","embeddable":true,"href":"https:\/\/minutaregional.cl\/index.php?rest_route=%2Fwp%2Fv2%2Ftags&post=3131"}],"curies":[{"name":"wp","href":"https:\/\/api.w.org\/{rel}","templated":true}]}}