{"id":3128,"date":"2023-07-04T01:38:57","date_gmt":"2023-07-04T01:38:57","guid":{"rendered":"https:\/\/minutaregional.cl\/?p=3128"},"modified":"2023-07-04T01:38:57","modified_gmt":"2023-07-04T01:38:57","slug":"declaraciones-del-diputado-daniel-manouchehri-posterior-a-reunion-con-el-ministro-de-justicia-sobre-proyecto-fundaciones-transparentes","status":"publish","type":"post","link":"https:\/\/minutaregional.cl\/?p=3128","title":{"rendered":"Declaraciones del diputado Daniel Manouchehri posterior a reuni\u00f3n con el ministro de Justicia sobre proyecto \u201cFundaciones Transparentes\u201d"},"content":{"rendered":"<p style=\"text-align: justify;\">\u201cA la corrupci\u00f3n se le combate con cosas concretas. Necesitamos fundaciones cien por ciento transparentes. Es por eso que hemos presentado junto a la diputada Daniella Cicardini este proyecto de \u2018Fundaciones Transparentes&#8217;, justamente para lo que hoy d\u00eda demanda la ciudadan\u00eda. La ciudadan\u00eda demanda transparencia en sus fundaciones, que los recursos sean bien utilizados, que no se est\u00e9n formando fundaciones de un d\u00eda a otro simplemente para poder acceder a los recursos p\u00fablicos. Ac\u00e1, cada peso que se va de mala manera al bolsillo de una persona es un peso que se le resta a una pol\u00edtica social de las personas.<\/p>\n<p style=\"text-align: justify;\">La reuni\u00f3n que tuvimos con el ministro Cordero fue una muy buena reuni\u00f3n. El ministro se comprometi\u00f3 a estudiar el patrocinio a nuestro proyecto porque creemos que es un proyecto que se hace cargo. Y queremos poder transparentar no s\u00f3lo las fundaciones que reciben recursos del Estado, tambi\u00e9n tenemos que transparentar las fundaciones que reciben recursos privados.<\/p>\n<p style=\"text-align: justify;\">No sabemos los or\u00edgenes de esos recursos muchas veces. Esos recursos de muchas fundaciones pueden venir de los lugares m\u00e1s oscuros. Es por eso que necesitamos hoy d\u00eda transparentar todo. La transparencia debe ser total, eso es lo que demanda la ciudadan\u00eda, la confianza de la gente la vamos a recuperar justamente con transparencia, con cosas concretas. Ac\u00e1 estamos en presencia de graves hechos de corrupci\u00f3n que ha conocido la gente y para eso hay que tomar medidas dr\u00e1sticas. Lleg\u00f3 el momento de la transparencia total de las fundaciones.\u201d<\/p>\n<p style=\"text-align: justify;\">__________________________________________<\/p>\n<p style=\"text-align: justify;\">Lo que creemos es que tiene que investigarse todo. No podemos acotar nosotros una investigaci\u00f3n solamente lo que est\u00e1 sucediendo en este Gobierno, tenemos que buscar todos los casos que puedan existir porque puede haber m\u00e1s casos e indudablemente este tipo de asignaciones se realizan desde el a\u00f1o 2019 con el Gobierno de Sebasti\u00e1n Pi\u00f1era.<\/p>\n<p style=\"text-align: justify;\">Entonces ac\u00e1 la investigaci\u00f3n tiene que ser caiga quien caiga y esa es la manera correcta de afrontar la corrupci\u00f3n. La corrupci\u00f3n no puede ser afrontada cuando tocan a uno m\u00edo, yo tengo una posici\u00f3n y cuando tocan a otro de la oposici\u00f3n, otra posici\u00f3n pol\u00edtica. La corrupci\u00f3n tiene que ser abordada con seriedad y tiene que ser rechazada, sea quien sea el involucrado. Sea un amigo, un compa\u00f1ero de partido, sea un familiar, esto tiene que tener una posici\u00f3n \u00fanica.<\/p>\n<p style=\"text-align: justify;\">No podemos tolerar la corrupci\u00f3n porque cuando nosotros avanzamos la corrupci\u00f3n, la gente no solo se desilusiona y pierde la confianza en los pol\u00edticos, sino en todas las instituciones y en la propia democracia. Es por eso que es tan importante que podamos abordarlo con seriedad\u201d.<\/p>\n<p style=\"text-align: justify;\">\n","protected":false},"excerpt":{"rendered":"<p>\u201cA la corrupci\u00f3n se le combate con cosas concretas. Necesitamos fundaciones cien por ciento transparentes. Es por eso que hemos presentado junto a la diputada Daniella Cicardini este proyecto de \u2018Fundaciones Transparentes&#8217;, justamente para lo que hoy d\u00eda demanda la ciudadan\u00eda. La ciudadan\u00eda demanda transparencia en sus fundaciones, que los<\/p>\n","protected":false},"author":1,"featured_media":3129,"comment_status":"closed","ping_status":"open","sticky":false,"template":"","format":"standard","meta":{"footnotes":""},"categories":[26],"tags":[],"class_list":["post-3128","post","type-post","status-publish","format-standard","has-post-thumbnail","hentry","category-camara-de-diputadas-y-diputados"],"_links":{"self":[{"href":"https:\/\/minutaregional.cl\/index.php?rest_route=\/wp\/v2\/posts\/3128","targetHints":{"allow":["GET"]}}],"collection":[{"href":"https:\/\/minutaregional.cl\/index.php?rest_route=\/wp\/v2\/posts"}],"about":[{"href":"https:\/\/minutaregional.cl\/index.php?rest_route=\/wp\/v2\/types\/post"}],"author":[{"embeddable":true,"href":"https:\/\/minutaregional.cl\/index.php?rest_route=\/wp\/v2\/users\/1"}],"replies":[{"embeddable":true,"href":"https:\/\/minutaregional.cl\/index.php?rest_route=%2Fwp%2Fv2%2Fcomments&post=3128"}],"version-history":[{"count":1,"href":"https:\/\/minutaregional.cl\/index.php?rest_route=\/wp\/v2\/posts\/3128\/revisions"}],"predecessor-version":[{"id":3130,"href":"https:\/\/minutaregional.cl\/index.php?rest_route=\/wp\/v2\/posts\/3128\/revisions\/3130"}],"wp:featuredmedia":[{"embeddable":true,"href":"https:\/\/minutaregional.cl\/index.php?rest_route=\/wp\/v2\/media\/3129"}],"wp:attachment":[{"href":"https:\/\/minutaregional.cl\/index.php?rest_route=%2Fwp%2Fv2%2Fmedia&parent=3128"}],"wp:term":[{"taxonomy":"category","embeddable":true,"href":"https:\/\/minutaregional.cl\/index.php?rest_route=%2Fwp%2Fv2%2Fcategories&post=3128"},{"taxonomy":"post_tag","embeddable":true,"href":"https:\/\/minutaregional.cl\/index.php?rest_route=%2Fwp%2Fv2%2Ftags&post=3128"}],"curies":[{"name":"wp","href":"https:\/\/api.w.org\/{rel}","templated":true}]}}