{"id":3125,"date":"2023-06-23T14:25:39","date_gmt":"2023-06-23T14:25:39","guid":{"rendered":"https:\/\/minutaregional.cl\/?p=3125"},"modified":"2023-06-23T14:25:39","modified_gmt":"2023-06-23T14:25:39","slug":"capital-abeja-de-sercotec-potenciara-emprendimientos-liderados-por-mujeres","status":"publish","type":"post","link":"https:\/\/minutaregional.cl\/?p=3125","title":{"rendered":"Capital Abeja de Sercotec Potenciar\u00e1 Emprendimientos Liderados por Mujeres"},"content":{"rendered":"<p style=\"text-align: justify;\">A trav\u00e9s de un fondo de $3.500.000 por emprendedora<\/p>\n<ul style=\"text-align: justify;\">\n<li><strong>El per\u00edodo de postulaciones termina el 28 de junio a las 15 horas.<\/strong><\/li>\n<li><strong>Desde 2016 a la fecha, el Capital Abeja Emprende Sercotec ha beneficiado a 5.568 emprendedoras a lo largo del pa\u00eds, quienes han podido poner en marcha su proyecto de negocio y avanzar hacia la autonom\u00eda econ\u00f3mica<\/strong>.<\/li>\n<\/ul>\n<p style=\"text-align: justify;\"><strong>\u00a0<\/strong><strong>La Serena, Junio de 2023.- <\/strong>\u201cHaber ganado este proyecto fue un impulso muy importante para fortalecer a\u00fan m\u00e1s mi idea de negocio y hacerla posible. Invito a todas las mujeres que quieran postular al Capital Abeja de Sercotec a que se la jueguen y que sean siempre positivas\u201d.<\/p>\n<p style=\"text-align: justify;\"><strong>Mar\u00eda Ignacia Palominos<\/strong> es una emprendedora serenense que hizo realidad su sue\u00f1o de crear una cafeter\u00eda pensada en la mujer, \u201cLul\u00fa, Cafeter\u00eda, Teter\u00eda y Pasteler\u00eda\u201d, gracias al Capital Abeja Emprende 2022 adjudicado en Sercotec y que mantiene abierta la convocatoria en su edici\u00f3n 2023, hasta el pr\u00f3ximo mi\u00e9rcoles 28 de junio.<\/p>\n<p style=\"text-align: justify;\">Capital Abeja Emprende es un programa ejecutado por Sercotec con fondos del Servicio Nacional de la Mujer y la Equidad de G\u00e9nero (SernamEG) y est\u00e1 destinado a apoyar a mujeres emprendedoras a potenciar y hacer realidad sus ideas de negocios y financiar un plan de trabajo para emprender, a partir de un proyecto de negocio que la emprendedora desarrollar\u00e1 e implementar\u00e1 con asesor\u00eda y acompa\u00f1amiento.<\/p>\n<p style=\"text-align: justify;\">Junto con destacar que \u201cLul\u00fa\u201d cuenta con un enfoque inclusivo, con opciones de men\u00fa para satisfacer las necesidades de diversos grupos de personas, como veganos y diab\u00e9ticos, Mar\u00eda Ignacia resalta que \u201chasta antes de postular, esto era s\u00f3lo una idea, no ten\u00eda nada en mis manos y Sercotec, a trav\u00e9s de su Centro de Negocios La Serena, me ayud\u00f3 a dise\u00f1ar mi idea, postularla y hacerla realidad\u201d.<\/p>\n<p style=\"text-align: justify;\">El Fondo, cuyas postulaciones cierran el pr\u00f3ximo mi\u00e9rcoles 28 de junio a las 15:00 horas, otorga un subsidio de $3.500.000 para cofinanciar un plan de trabajo que incluye acciones de gesti\u00f3n empresarial e inversiones en bienes necesarios para cumplir el objetivo del proyecto.<\/p>\n<p style=\"text-align: justify;\"><strong>Mar\u00eda Fernanda Glaser, Seremi de la Mujer y la Equidad de G\u00e9nero<\/strong>, destac\u00f3 que \u201c2023 es el a\u00f1o de la autonom\u00eda econ\u00f3mica de la mujer. Queremos fortalecer a los emprendimientos de mujeres, e invitamos a todas las mujeres que quieran fortalecer sus emprendimientos, a que revisen las bases en el sitio web de Sercotec y postulen, hasta el 28 de junio\u201d.<\/p>\n<p style=\"text-align: justify;\">Por su parte, <strong>P\u00eda Castillo, Seremi de Econom\u00eda, Fomento y Turismo<\/strong>, hizo \u00e9nfasis en que \u201cpara el Gobierno del Presidente Gabriel Boric Font, es muy importante el aporte que realizan las mujeres para la reactivaci\u00f3n econ\u00f3mica y hemos hecho un gran esfuerzo a trav\u00e9s de Sercotec, Corfo, Sernatur e Indespa, para entregar fondos a las mujeres. Las invitamos a postular a este Fondo\u201d.<\/p>\n<p style=\"text-align: justify;\">Del total del financiamiento entregado a cada beneficiaria, un m\u00ednimo de $200 mil y un m\u00e1ximo de $500 mil pueden destinarse a acciones de gesti\u00f3n empresarial, tales como asistencia t\u00e9cnica, capacitaci\u00f3n y marketing; mientras que un m\u00e1ximo de $3,3 millones puede destinarse a inversiones, incluida la compra de activos, habilitaci\u00f3n de infraestructura y capital de trabajo.<\/p>\n<p style=\"text-align: justify;\">Cada emprendedora seleccionada deber\u00e1 aportar el equivalente al 3% del monto del subsidio Sercotec y financiar cualquier impuesto asociado a su proyecto.<\/p>\n<p style=\"text-align: justify;\">Pueden postular emprendedoras mayores de edad, de sexo registral femenino, sin inicio de actividades en primera categor\u00eda ante el Servicio de Impuestos Internos, que presenten un proyecto de negocio que cumpla con el foco definido por la convocatoria de Sercotec en su regi\u00f3n, se\u00f1alado en las bases de postulaci\u00f3n.<\/p>\n<p style=\"text-align: justify;\"><strong>Leyla Vilches, directora regional (s) de SernamEG<\/strong>, destac\u00f3 que \u201ccomo servicio estamos muy contentos de realizar este lanzamiento en conjunto con Sercotec, que ejecuta esta iniciativa financiada con recursos SernamEG. Un 60% de las mujeres mayoritariamente emprenden por necesidad. Hacemos el llamado a que postulen porque les permitir\u00e1 crear o fortalecer sus negocios\u201d<\/p>\n<p style=\"text-align: justify;\"><strong>Pascal Lagunas, director regional de Sercotec<\/strong>, plante\u00f3 que \u201cinvitamos a acercarse a los Departamentos de Fomento Productivo de las 15 municipalidades de la regi\u00f3n, quienes pueden ayudarlas a postular y, adem\u00e1s, a contactarse con los Puntos MIPE, a los n\u00fameros 232425194 o 232425195\u201d.<\/p>\n<p style=\"text-align: justify;\">Para postular al Capital Abeja Emprende de Sercotec, debes registrarte como usuaria en <a href=\"http:\/\/www.sercotec.cl\">www.sercotec.cl<\/a>, descargar y leer detenidamente las bases y anexos de la convocatoria, completar y enviar el formulario de postulaci\u00f3n, video de presentaci\u00f3n y los documentos requeridos, verificando que cumplan con el formato y contenido solicitados, en el plazo establecido.<\/p>\n<p>&nbsp;<\/p>\n","protected":false},"excerpt":{"rendered":"<p>A trav\u00e9s de un fondo de $3.500.000 por emprendedora El per\u00edodo de postulaciones termina el 28 de junio a las 15 horas. Desde 2016 a la fecha, el Capital Abeja Emprende Sercotec ha beneficiado a 5.568 emprendedoras a lo largo del pa\u00eds, quienes han podido poner en marcha su proyecto<\/p>\n","protected":false},"author":1,"featured_media":3126,"comment_status":"closed","ping_status":"open","sticky":false,"template":"","format":"standard","meta":{"footnotes":""},"categories":[1,39],"tags":[],"class_list":["post-3125","post","type-post","status-publish","format-standard","has-post-thumbnail","hentry","category-noticias-regionales","category-sercotec"],"_links":{"self":[{"href":"https:\/\/minutaregional.cl\/index.php?rest_route=\/wp\/v2\/posts\/3125","targetHints":{"allow":["GET"]}}],"collection":[{"href":"https:\/\/minutaregional.cl\/index.php?rest_route=\/wp\/v2\/posts"}],"about":[{"href":"https:\/\/minutaregional.cl\/index.php?rest_route=\/wp\/v2\/types\/post"}],"author":[{"embeddable":true,"href":"https:\/\/minutaregional.cl\/index.php?rest_route=\/wp\/v2\/users\/1"}],"replies":[{"embeddable":true,"href":"https:\/\/minutaregional.cl\/index.php?rest_route=%2Fwp%2Fv2%2Fcomments&post=3125"}],"version-history":[{"count":1,"href":"https:\/\/minutaregional.cl\/index.php?rest_route=\/wp\/v2\/posts\/3125\/revisions"}],"predecessor-version":[{"id":3127,"href":"https:\/\/minutaregional.cl\/index.php?rest_route=\/wp\/v2\/posts\/3125\/revisions\/3127"}],"wp:featuredmedia":[{"embeddable":true,"href":"https:\/\/minutaregional.cl\/index.php?rest_route=\/wp\/v2\/media\/3126"}],"wp:attachment":[{"href":"https:\/\/minutaregional.cl\/index.php?rest_route=%2Fwp%2Fv2%2Fmedia&parent=3125"}],"wp:term":[{"taxonomy":"category","embeddable":true,"href":"https:\/\/minutaregional.cl\/index.php?rest_route=%2Fwp%2Fv2%2Fcategories&post=3125"},{"taxonomy":"post_tag","embeddable":true,"href":"https:\/\/minutaregional.cl\/index.php?rest_route=%2Fwp%2Fv2%2Ftags&post=3125"}],"curies":[{"name":"wp","href":"https:\/\/api.w.org\/{rel}","templated":true}]}}