{"id":3121,"date":"2023-06-21T23:00:59","date_gmt":"2023-06-21T23:00:59","guid":{"rendered":"https:\/\/minutaregional.cl\/?p=3121"},"modified":"2023-06-21T23:00:59","modified_gmt":"2023-06-21T23:00:59","slug":"politica-rural-camara-de-diputadas-y-diputados-aprobo-aplazamiento-en-la-inscripcion-de-derechos-de-agua-y-modificacion-a-la-ley-de-riego","status":"publish","type":"post","link":"https:\/\/minutaregional.cl\/?p=3121","title":{"rendered":"Pol\u00edtica Rural: C\u00e1mara de Diputadas y Diputados aprob\u00f3 aplazamiento en la inscripci\u00f3n de derechos de agua y modificaci\u00f3n a la Ley de Riego"},"content":{"rendered":"<p style=\"text-align: justify;\">La primera moci\u00f3n es impulsada por la diputada Nathalie Castillo y prorroga el plazo hasta el 5 de abril del 2026, mientras que la modificaci\u00f3n a la ley 18.450, en lo medular, entrega mayores bonificaciones a la peque\u00f1a agricultura (90 a 95%) , comunidades de agua (entre un 80 y 90%) y asociaciones ind\u00edgenas (hasta un 95% total del costo del proyecto).<\/p>\n<p>En la sesi\u00f3n de este lunes, la C\u00e1mara de Diputadas y Diputados aprob\u00f3 dos proyectos de ley directamente relacionado al contexto rural de nuestro pa\u00eds: la reforma al C\u00f3digo de Aguas que ampl\u00eda el plazo de inscripci\u00f3n y regularizaci\u00f3n de derechos de aprovechamiento de aguas y, por otro lado, el proyecto que modifica y pr\u00f3rroga la vigencia de la ley N\u00b018.450, que aprueba normas para el fomento de la inversi\u00f3n privada en obras de riego y drenaje.<\/p>\n<p>La ampliaci\u00f3n del proceso de inscripci\u00f3n regularizaci\u00f3n de los derechos de aprovechamiento y regularizaci\u00f3n de derechos de aprovechamiento de aguas en el Registro de Aguas del Conservador de Bienes Ra\u00edces y en el Catastro P\u00fablico de Aguas, es una moci\u00f3n promovida por la diputada por la regi\u00f3n de Coquimbo, Nathalie Castillo \u2013junto a otros diputados de la Comisi\u00f3n de Recursos H\u00eddricos de la C\u00e1mara- y tras la aprobaci\u00f3n mayoritaria de los parlamentarios, se extiende el plazo hasta el 6 de abril del a\u00f1o 2025. Al cumplir su \u00faltimo tr\u00e1mite constitucional, la moci\u00f3n se despacha a ley, a esperas de su promulgaci\u00f3n y publicaci\u00f3n en el Diario Oficial.<\/p>\n<p style=\"text-align: justify;\">La modificaci\u00f3n a la Ley de Riego, en tanto, introduce varias innovaciones (se modifican 19 cuerpos normativos), entre las que se destaca que la Comisi\u00f3n Nacional de Riego se encargar\u00e1 de las bonificaciones; que la ley y su reglamento considerar\u00e1n el ordenamiento territorial y gesti\u00f3n de cuencas vigentes; que se bonificar\u00e1 proyectos con visi\u00f3n y cuidado del medioambiente; que los proyectos extraprediales contemplen medidas para mitigar posibles impactos ambientales; y \u2013entre otros puntos- que se aumentar\u00e1 la bonificaci\u00f3n m\u00e1xima (de 90 a 95% del costo total del proyecto) a las que pueden acceder los peque\u00f1os agricultores, comunidades y asociaciones ind\u00edgenas podr\u00e1n contar con una bonificaci\u00f3n m\u00e1xima de un 95% total del proyecto (mientras que las comunidades de agua y asociaciones de canalistas podr\u00e1n acceder a bonificaciones entre un 80 y 90% o las Juntas de Vigilancia hasta un 70% de bonificaci\u00f3n).<\/p>\n<p>La iniciativa pasa a Comisi\u00f3n Mixta, pues la C\u00e1mara rechaz\u00f3 las enmiendas ingresadas desde el Senado.<\/p>\n<p>Sobre ambas materias la diputada Nathalie Castillo destac\u00f3 que la C\u00e1mara haya \u201crespondido positivamente a los distintos requerimientos de la comunidad agr\u00edcola y de las familias campesinas quienes ped\u00edan \u2013puntualiza-, por ejemplo, que se materializara el aplazamiento para inscribir los derechos de agua, una demanda muy sentida especialmente en nuestra regi\u00f3n\u201d.<\/p>\n<p>\u201cEl Consejo Regional Campesino de la regi\u00f3n de Coquimbo durante varios encuentros que hemos tenido desde que asumimos la legislatura en marzo del 2022, nos planteaban los diversos problemas que tiene la comunidad y que son derivados de la sequ\u00eda y el acaparamiento de las aguas. Por lo tanto se avanz\u00f3 de manera importante al aprobarse ambas iniciativas y destaco en lo particular que la voz y opini\u00f3n de las dirigencia fue considerada por nuestro gobierno, ya que se acercaron y se sentaron a escuchar las distintas urgencias de la familias campesinas que ven en esta administraci\u00f3n un interlocutor v\u00e1lido para transmitir la realidad local y resolver, por cierto,\u00a0 sus problemas\u201d, cerr\u00f3.<\/p>\n","protected":false},"excerpt":{"rendered":"<p>La primera moci\u00f3n es impulsada por la diputada Nathalie Castillo y prorroga el plazo hasta el 5 de abril del 2026, mientras que la modificaci\u00f3n a la ley 18.450, en lo medular, entrega mayores bonificaciones a la peque\u00f1a agricultura (90 a 95%) , comunidades de agua (entre un 80 y<\/p>\n","protected":false},"author":1,"featured_media":3122,"comment_status":"closed","ping_status":"open","sticky":false,"template":"","format":"standard","meta":{"footnotes":""},"categories":[26],"tags":[],"class_list":["post-3121","post","type-post","status-publish","format-standard","has-post-thumbnail","hentry","category-camara-de-diputadas-y-diputados"],"_links":{"self":[{"href":"https:\/\/minutaregional.cl\/index.php?rest_route=\/wp\/v2\/posts\/3121","targetHints":{"allow":["GET"]}}],"collection":[{"href":"https:\/\/minutaregional.cl\/index.php?rest_route=\/wp\/v2\/posts"}],"about":[{"href":"https:\/\/minutaregional.cl\/index.php?rest_route=\/wp\/v2\/types\/post"}],"author":[{"embeddable":true,"href":"https:\/\/minutaregional.cl\/index.php?rest_route=\/wp\/v2\/users\/1"}],"replies":[{"embeddable":true,"href":"https:\/\/minutaregional.cl\/index.php?rest_route=%2Fwp%2Fv2%2Fcomments&post=3121"}],"version-history":[{"count":1,"href":"https:\/\/minutaregional.cl\/index.php?rest_route=\/wp\/v2\/posts\/3121\/revisions"}],"predecessor-version":[{"id":3123,"href":"https:\/\/minutaregional.cl\/index.php?rest_route=\/wp\/v2\/posts\/3121\/revisions\/3123"}],"wp:featuredmedia":[{"embeddable":true,"href":"https:\/\/minutaregional.cl\/index.php?rest_route=\/wp\/v2\/media\/3122"}],"wp:attachment":[{"href":"https:\/\/minutaregional.cl\/index.php?rest_route=%2Fwp%2Fv2%2Fmedia&parent=3121"}],"wp:term":[{"taxonomy":"category","embeddable":true,"href":"https:\/\/minutaregional.cl\/index.php?rest_route=%2Fwp%2Fv2%2Fcategories&post=3121"},{"taxonomy":"post_tag","embeddable":true,"href":"https:\/\/minutaregional.cl\/index.php?rest_route=%2Fwp%2Fv2%2Ftags&post=3121"}],"curies":[{"name":"wp","href":"https:\/\/api.w.org\/{rel}","templated":true}]}}