{"id":3114,"date":"2023-06-13T00:29:21","date_gmt":"2023-06-13T00:29:21","guid":{"rendered":"https:\/\/minutaregional.cl\/?p=3114"},"modified":"2023-06-13T00:29:21","modified_gmt":"2023-06-13T00:29:21","slug":"diputado-manouchehri-ps-sobre-acusacion-de-calvin-klein-contra-hites-se-esta-estafando-la-confianza-de-las-personas","status":"publish","type":"post","link":"https:\/\/minutaregional.cl\/?p=3114","title":{"rendered":"Diputado Manouchehri (PS) sobre acusaci\u00f3n de Calvin Klein contra Hites: \u201cSe est\u00e1 estafando la confianza de las personas\u201d"},"content":{"rendered":"<p style=\"text-align: justify;\"><strong><em>El legislador, presidente de la Comisi\u00f3n Investigadora por el Caso La Polar, indic\u00f3 que en la sesi\u00f3n de este martes abordar\u00e1n la acusaci\u00f3n contra Hites por venta de ropa falsificada.<\/em><\/strong><\/p>\n<p style=\"text-align: justify;\">En la antesala a una nueva sesi\u00f3n de la Comisi\u00f3n Investigadora por eventual contrabando de multitiendas La Polar, el diputado socialista Daniel Manouchehri, presidente de la instancia, fustig\u00f3 a la cadena de <em>retail <\/em>Hites. En las \u00faltimas horas la marca de ropa Calvin Klein anunci\u00f3 una querella contra Hites por venta de ropa falsificada, a ra\u00edz de los 17.980 <em>boxers<\/em> importados por la empresa y retenidos por el Servicio Nacional de Aduanas.<\/p>\n<p style=\"text-align: justify;\">\u201cNuevamente estamos en presencia de una acusaci\u00f3n en contra de una multitienda por productos falsos. Aqu\u00ed se estar\u00eda enga\u00f1ando a la gente, se le estar\u00eda vendiendo productos falsificados como productos aut\u00e9nticos. Productos adem\u00e1s de marcas que son car\u00edsimas, por lo cual creemos que aqu\u00ed se debe realizar una investigaci\u00f3n seria porque se est\u00e1 estafando la confianza de las personas\u201d, se\u00f1al\u00f3 Manouchehri.<\/p>\n<p style=\"text-align: justify;\">Asimismo, el legislador por la Regi\u00f3n de Coquimbo anunci\u00f3 que en la sesi\u00f3n de la comisi\u00f3n investigadora de este martes \u201ctendremos a la directora nacional de Aduanas para poder referirse a todas las preguntas respecto a la investigaci\u00f3n contra La Polar y los nuevos antecedentes relativos a la acusaci\u00f3n de Calvin Klein por venta de ropa falsificada contra Hites\u201d.<\/p>\n<p style=\"text-align: justify;\">\u201cEsta comisi\u00f3n tiene un mandato amplio para poder investigar a todo el <em>retail<\/em> en situaciones similares\u201d, recalc\u00f3.<\/p>\n<p>&nbsp;<\/p>\n<p>&nbsp;<\/p>\n<p>&nbsp;<\/p>\n","protected":false},"excerpt":{"rendered":"<p>El legislador, presidente de la Comisi\u00f3n Investigadora por el Caso La Polar, indic\u00f3 que en la sesi\u00f3n de este martes abordar\u00e1n la acusaci\u00f3n contra Hites por venta de ropa falsificada. En la antesala a una nueva sesi\u00f3n de la Comisi\u00f3n Investigadora por eventual contrabando de multitiendas La Polar, el diputado<\/p>\n","protected":false},"author":1,"featured_media":3115,"comment_status":"closed","ping_status":"open","sticky":false,"template":"","format":"standard","meta":{"footnotes":""},"categories":[26],"tags":[],"class_list":["post-3114","post","type-post","status-publish","format-standard","has-post-thumbnail","hentry","category-camara-de-diputadas-y-diputados"],"_links":{"self":[{"href":"https:\/\/minutaregional.cl\/index.php?rest_route=\/wp\/v2\/posts\/3114","targetHints":{"allow":["GET"]}}],"collection":[{"href":"https:\/\/minutaregional.cl\/index.php?rest_route=\/wp\/v2\/posts"}],"about":[{"href":"https:\/\/minutaregional.cl\/index.php?rest_route=\/wp\/v2\/types\/post"}],"author":[{"embeddable":true,"href":"https:\/\/minutaregional.cl\/index.php?rest_route=\/wp\/v2\/users\/1"}],"replies":[{"embeddable":true,"href":"https:\/\/minutaregional.cl\/index.php?rest_route=%2Fwp%2Fv2%2Fcomments&post=3114"}],"version-history":[{"count":1,"href":"https:\/\/minutaregional.cl\/index.php?rest_route=\/wp\/v2\/posts\/3114\/revisions"}],"predecessor-version":[{"id":3116,"href":"https:\/\/minutaregional.cl\/index.php?rest_route=\/wp\/v2\/posts\/3114\/revisions\/3116"}],"wp:featuredmedia":[{"embeddable":true,"href":"https:\/\/minutaregional.cl\/index.php?rest_route=\/wp\/v2\/media\/3115"}],"wp:attachment":[{"href":"https:\/\/minutaregional.cl\/index.php?rest_route=%2Fwp%2Fv2%2Fmedia&parent=3114"}],"wp:term":[{"taxonomy":"category","embeddable":true,"href":"https:\/\/minutaregional.cl\/index.php?rest_route=%2Fwp%2Fv2%2Fcategories&post=3114"},{"taxonomy":"post_tag","embeddable":true,"href":"https:\/\/minutaregional.cl\/index.php?rest_route=%2Fwp%2Fv2%2Ftags&post=3114"}],"curies":[{"name":"wp","href":"https:\/\/api.w.org\/{rel}","templated":true}]}}