{"id":3099,"date":"2023-05-24T01:34:18","date_gmt":"2023-05-24T01:34:18","guid":{"rendered":"https:\/\/minutaregional.cl\/?p=3099"},"modified":"2023-05-24T01:36:34","modified_gmt":"2023-05-24T01:36:34","slug":"establecimientos-educacionales-municipales-de-illapel-conmemoran-las-glorias-navales","status":"publish","type":"post","link":"https:\/\/minutaregional.cl\/?p=3099","title":{"rendered":"ESTABLECIMIENTOS EDUCACIONALES MUNICIPALES DE ILLAPEL CONMEMORAN LAS GLORIAS NAVALES"},"content":{"rendered":"<audio class=\"wp-audio-shortcode\" id=\"audio-3099-1\" preload=\"none\" style=\"width: 100%;\" controls=\"controls\"><source type=\"audio\/mpeg\" src=\"https:\/\/minutaregional.cl\/wp-content\/uploads\/2023\/05\/Denis-Cortes-Aguilera-1.mp3?_=1\" \/><a href=\"https:\/\/minutaregional.cl\/wp-content\/uploads\/2023\/05\/Denis-Cortes-Aguilera-1.mp3\">https:\/\/minutaregional.cl\/wp-content\/uploads\/2023\/05\/Denis-Cortes-Aguilera-1.mp3<\/a><\/audio>\n<p>AUDIO : Denis Cort\u00e9s Aguilera, Alcalde de la Comuna<\/p>\n<p style=\"text-align: justify;\">Con la Capitan\u00eda de Puerto de Los Vilos como invitada de honor, la Municipalidad de Illapel y el Concejo Municipal, en coordinaci\u00f3n con los Establecimientos Educacionales Municipales, celebraron el desfile de conmemoraci\u00f3n de las Glorias Navales, en la Plaza de Armas de Illapel.<\/p>\n<p style=\"text-align: justify;\">La ceremonia liderada por la Escuela San Rafael de Rosas cont\u00f3, adem\u00e1s, con la presencia de la Delegaci\u00f3n Presidencial, representantes de las polic\u00edas y diferentes autoridades de la provincia, que pudieron presenciar la representaci\u00f3n del Combate Naval de Iquique, por parte de las alumnas del establecimiento.<\/p>\n<p style=\"text-align: justify;\"><strong>Alumnos y organizaciones fueron los grandes protagonistas<\/strong><\/p>\n<p style=\"text-align: justify;\">Como cada a\u00f1o antes de la pandemia, la comuna de Illapel celebr\u00f3 el aniversario de las Glorias Navales. En esta instancia, los estudiantes de los recintos municipales desfilaron por las calles de la ciudad entonando marchas interpretadas por sus Bandas de Guerra. Sobre esto, Denis Cort\u00e9s Aguilera, alcalde de la comuna, destac\u00f3 que \u201cestamos orgullosos de este acto y desfile. La pandemia nos prohibi\u00f3 hacer actos hermosos como el que vivimos hoy\u201d. Adem\u00e1s, aprovech\u00f3 para \u201cfelicitar a la escuela Rafael de Rosas por su impecable presentaci\u00f3n y a toda la comunidad educativa por sus n\u00fameros de alto nivel\u201d.<\/p>\n<p style=\"text-align: justify;\">La ceremonia estuvo marcada por la participaci\u00f3n de organizaciones como el Cuerpo de Bomberos y el Club de Rodeo de Illapel, quienes marcharon junto a los estudiantes en una actividad que \u201cnos mostr\u00f3 algo tan lindo, que es entregar la vida por un anhelo y por construir una patria justa y honesta como la que estamos intentando avanzar en nuestra ciudad\u201d, tal como destac\u00f3 la m\u00e1xima autoridad de la comuna.<\/p>\n<p style=\"text-align: justify;\">El Sargento Primero del Litoral, Oscar Jim\u00e9nez Flores, Subjefe de la Capitan\u00eda de Puerto de Los Vilos, calific\u00f3 el desfile como \u201cespectacular, un acto totalmente emocionante, que para nosotros fue gratificante\u201d Por su parte, aprovech\u00f3 la instancia para destacar que \u201ces bueno para mantener las tradiciones, nosotros los adultos somos los encargados de transmitir las tradiciones a los m\u00e1s j\u00f3venes\u201d.<\/p>\n<p style=\"text-align: justify;\">Nataly Carvajal Carvajal, Delegada Presidencial del Choapa, se\u00f1al\u00f3 que \u201cha sido una presentaci\u00f3n impecable de todos los que han participado de este desfile. Una puesta en escena que est\u00e1 a la altura de esta conmemoraci\u00f3n que se celebra en esta plaza, con gran afluencia de p\u00fablico\u201d Adem\u00e1s, se tom\u00f3 el tiempo para \u201cagradecer la invitaci\u00f3n. Una gran coordinaci\u00f3n entre el municipio y la escuela\u201d.<\/p>\n<p style=\"text-align: justify;\"><strong>\u00a0<\/strong><strong>Gran afluencia de p\u00fablico<\/strong><\/p>\n<p style=\"text-align: justify;\"><strong>\u00a0<\/strong>De a poco fueron llegando los espectadores, que se reunieron en torno a las vallas papales distribuidas por la calle Constituci\u00f3n, frente al edificio municipal.\u00a0 Aproximadamente a las 17 horas ya se encontraban las calles colmadas de personas que acudieron a ver a sus hijos, sobrinos y amigos.<\/p>\n<p style=\"text-align: justify;\">Alegr\u00eda y admiraci\u00f3n fueron los conceptos que m\u00e1s se repitieron durante la jornada, tal como destaca Roc\u00edo \u201ces mi primera vez en Illapel y me parece majestuoso lo que est\u00e1n haciendo, mi hijo primera vez que est\u00e1 participando de un desfile y de verdad que los felicito\u201d. A estas palabras, se suman las de Jorge, que coment\u00f3 que \u201ces muy bueno, porque ayuda a fomentar que los ni\u00f1os tengan el <em>chilenismo<\/em> en el coraz\u00f3n\u201d.<\/p>\n<p style=\"text-align: justify;\">Ahora que no hay restricciones, se espera que se retome esta conmemoraci\u00f3n el pr\u00f3ximo a\u00f1o, con la misi\u00f3n de ofrecer un espect\u00e1culo a\u00fan mejor, ya que, tal como destaca Eduardo \u201ccada a\u00f1o han sido mejor los desfiles del 21 de mayo\u201d. Por el momento, la Plaza de Armas de Illapel se prepara para la Cuenta P\u00fablica de la Gesti\u00f3n 2022 del alcalde Denis Cort\u00e9s Aguilera, que se realizar\u00e1 el 24 de mayo.<\/p>\n","protected":false},"excerpt":{"rendered":"<p>AUDIO : Denis Cort\u00e9s Aguilera, Alcalde de la Comuna Con la Capitan\u00eda de Puerto de Los Vilos como invitada de honor, la Municipalidad de Illapel y el Concejo Municipal, en coordinaci\u00f3n con los Establecimientos Educacionales Municipales, celebraron el desfile de conmemoraci\u00f3n de las Glorias Navales, en la Plaza de Armas<\/p>\n","protected":false},"author":1,"featured_media":3100,"comment_status":"closed","ping_status":"closed","sticky":false,"template":"","format":"standard","meta":{"footnotes":""},"categories":[22],"tags":[],"class_list":["post-3099","post","type-post","status-publish","format-standard","has-post-thumbnail","hentry","category-muni-illapel"],"_links":{"self":[{"href":"https:\/\/minutaregional.cl\/index.php?rest_route=\/wp\/v2\/posts\/3099","targetHints":{"allow":["GET"]}}],"collection":[{"href":"https:\/\/minutaregional.cl\/index.php?rest_route=\/wp\/v2\/posts"}],"about":[{"href":"https:\/\/minutaregional.cl\/index.php?rest_route=\/wp\/v2\/types\/post"}],"author":[{"embeddable":true,"href":"https:\/\/minutaregional.cl\/index.php?rest_route=\/wp\/v2\/users\/1"}],"replies":[{"embeddable":true,"href":"https:\/\/minutaregional.cl\/index.php?rest_route=%2Fwp%2Fv2%2Fcomments&post=3099"}],"version-history":[{"count":3,"href":"https:\/\/minutaregional.cl\/index.php?rest_route=\/wp\/v2\/posts\/3099\/revisions"}],"predecessor-version":[{"id":3104,"href":"https:\/\/minutaregional.cl\/index.php?rest_route=\/wp\/v2\/posts\/3099\/revisions\/3104"}],"wp:featuredmedia":[{"embeddable":true,"href":"https:\/\/minutaregional.cl\/index.php?rest_route=\/wp\/v2\/media\/3100"}],"wp:attachment":[{"href":"https:\/\/minutaregional.cl\/index.php?rest_route=%2Fwp%2Fv2%2Fmedia&parent=3099"}],"wp:term":[{"taxonomy":"category","embeddable":true,"href":"https:\/\/minutaregional.cl\/index.php?rest_route=%2Fwp%2Fv2%2Fcategories&post=3099"},{"taxonomy":"post_tag","embeddable":true,"href":"https:\/\/minutaregional.cl\/index.php?rest_route=%2Fwp%2Fv2%2Ftags&post=3099"}],"curies":[{"name":"wp","href":"https:\/\/api.w.org\/{rel}","templated":true}]}}