{"id":3091,"date":"2023-05-23T02:24:31","date_gmt":"2023-05-23T02:24:31","guid":{"rendered":"https:\/\/minutaregional.cl\/?p=3091"},"modified":"2023-05-23T02:24:31","modified_gmt":"2023-05-23T02:24:31","slug":"aguas-del-valle-extiende-trabajos-por-renovacion-en-punitaqui-que-beneficia-a-mas-de-2-mil-hogares","status":"publish","type":"post","link":"https:\/\/minutaregional.cl\/?p=3091","title":{"rendered":"Aguas del Valle extiende trabajos por renovaci\u00f3n en Punitaqui que beneficia a m\u00e1s de 2 mil hogares"},"content":{"rendered":"<ul>\n<li style=\"text-align: justify;\">Las obras, que tienen una inversi\u00f3n que supera los $ 630 millones y consideran el recambio de 1.546 metros de redes de agua potable, ya alcanzan un 67% de avance.<\/li>\n<\/ul>\n<p style=\"text-align: justify;\"><strong>Provincia de Limar\u00ed, 22 de mayo de 2023.<\/strong> El subgerente zonal de Aguas del Valle, Alejandro Salazar, inform\u00f3 que, debido a las condiciones del terreno, las obras de renovaci\u00f3n de redes de agua potable, que se est\u00e1n ejecutando en Avenida Caupolic\u00e1n de la comuna de Punitaqui se mantendr\u00e1n hasta el 14 de julio.<\/p>\n<p style=\"text-align: justify;\">\u201cHemos debido ampliar los plazos de ejecuci\u00f3n de los trabajos, ya que el terreno cuenta con una mayor dureza a lo habitual, con presencia de rocas y maicillo endurecido, lo que ha generado un menor rendimiento en el avance. Estos proyectos son muy importantes, porque nos permitir\u00e1n optimizar nuestras redes de distribuci\u00f3n, asegurando la continuidad y calidad de nuestro servicio en la comuna\u201d, explic\u00f3 el ejecutivo.<\/p>\n<p style=\"text-align: justify;\"><strong>Detalles de los trabajos<\/strong><\/p>\n<p style=\"text-align: justify;\">La renovaci\u00f3n se est\u00e1 desarrollando en la Avenida Caupolic\u00e1n entre las calles Juan Gallardo y Nueva Siete. Hay que recordar que las obras se emplazan por la vereda y no contemplan desv\u00edos de tr\u00e1nsito. Se est\u00e1 utilizando media calzada de la v\u00eda s\u00f3lo de forma excepcional, lo que est\u00e1 debidamente se\u00f1alizado para la seguridad de conductores y peatones.<\/p>\n<p style=\"text-align: justify;\">Esta nueva informaci\u00f3n fue comunicada a los dirigentes vecinales y ya se realizaron las coordinaciones con las autoridades pertinentes y la comunidad.<\/p>\n<p style=\"text-align: justify;\">Aguas del Valle recuerda que el Fono Servicio 600 400 4444 y tambi\u00e9n la cuenta de Twitter @AguasdelValle est\u00e1n a disposici\u00f3n para atender consultas.<\/p>\n<p style=\"text-align: justify;\">\n","protected":false},"excerpt":{"rendered":"<p>Las obras, que tienen una inversi\u00f3n que supera los $ 630 millones y consideran el recambio de 1.546 metros de redes de agua potable, ya alcanzan un 67% de avance. Provincia de Limar\u00ed, 22 de mayo de 2023. El subgerente zonal de Aguas del Valle, Alejandro Salazar, inform\u00f3 que, debido<\/p>\n","protected":false},"author":1,"featured_media":3092,"comment_status":"closed","ping_status":"closed","sticky":false,"template":"","format":"standard","meta":{"footnotes":""},"categories":[45],"tags":[],"class_list":["post-3091","post","type-post","status-publish","format-standard","has-post-thumbnail","hentry","category-aguas-del-valle"],"_links":{"self":[{"href":"https:\/\/minutaregional.cl\/index.php?rest_route=\/wp\/v2\/posts\/3091","targetHints":{"allow":["GET"]}}],"collection":[{"href":"https:\/\/minutaregional.cl\/index.php?rest_route=\/wp\/v2\/posts"}],"about":[{"href":"https:\/\/minutaregional.cl\/index.php?rest_route=\/wp\/v2\/types\/post"}],"author":[{"embeddable":true,"href":"https:\/\/minutaregional.cl\/index.php?rest_route=\/wp\/v2\/users\/1"}],"replies":[{"embeddable":true,"href":"https:\/\/minutaregional.cl\/index.php?rest_route=%2Fwp%2Fv2%2Fcomments&post=3091"}],"version-history":[{"count":1,"href":"https:\/\/minutaregional.cl\/index.php?rest_route=\/wp\/v2\/posts\/3091\/revisions"}],"predecessor-version":[{"id":3093,"href":"https:\/\/minutaregional.cl\/index.php?rest_route=\/wp\/v2\/posts\/3091\/revisions\/3093"}],"wp:featuredmedia":[{"embeddable":true,"href":"https:\/\/minutaregional.cl\/index.php?rest_route=\/wp\/v2\/media\/3092"}],"wp:attachment":[{"href":"https:\/\/minutaregional.cl\/index.php?rest_route=%2Fwp%2Fv2%2Fmedia&parent=3091"}],"wp:term":[{"taxonomy":"category","embeddable":true,"href":"https:\/\/minutaregional.cl\/index.php?rest_route=%2Fwp%2Fv2%2Fcategories&post=3091"},{"taxonomy":"post_tag","embeddable":true,"href":"https:\/\/minutaregional.cl\/index.php?rest_route=%2Fwp%2Fv2%2Ftags&post=3091"}],"curies":[{"name":"wp","href":"https:\/\/api.w.org\/{rel}","templated":true}]}}