{"id":3088,"date":"2023-05-23T02:10:56","date_gmt":"2023-05-23T02:10:56","guid":{"rendered":"https:\/\/minutaregional.cl\/?p=3088"},"modified":"2023-05-23T02:10:56","modified_gmt":"2023-05-23T02:10:56","slug":"entregan-mas-de-10-mil-firmas-a-la-moneda-para-que-patrocine-proyecto-que-pase-la-micro","status":"publish","type":"post","link":"https:\/\/minutaregional.cl\/?p=3088","title":{"rendered":"ENTREGAN M\u00c1S DE 10 MIL FIRMAS A LA MONEDA PARA QUE PATROCINE PROYECTO \u00abQUE PASE LA MICRO\u00bb"},"content":{"rendered":"<div style=\"text-align: justify;\"><i>Los diputados Luis Cuello, Carolina Tello y concejales de diversas comunas de la regi\u00f3n entregaron estas firmas para que el Ejecutivo no tan s\u00f3lo patrocine este Proyecto de Ley, si no que tambi\u00e9n le ponga urgencia. Hay muchos sectores rurales de la regi\u00f3n que no est\u00e1 pasando el transporte de pasajeros.\u00a0<\/i><\/div>\n<div style=\"text-align: justify;\"><i>\u00a0<\/i><\/div>\n<div style=\"text-align: justify;\">M\u00e1s de 10 mil firmas entregaron los diputados Carolina Tello, Luis Cuello y los Concejales Nelson Mart\u00ednez (Cbo), Luis Aguilera (LS),Pamela Salom\u00e9 (La Serena), Carlos Figueroa (Los Vilos), Fanny Vega (Ovalle), Ignacio Plaza (Cbo) al Ejecutivo para que el Proyecto de Ley \u00abQue Pase la Micro\u00bb pueda impulsar una mayor cantidad de transporte en la regi\u00f3n facultando a los Gobiernos Regionales como Comunales la creaci\u00f3n de empresas de transporte estatales, y no estar dependiendo de las pocas l\u00edneas que recorren nuestra zona. Esto se puede concretar realizando una reforma constitucional.<\/div>\n<div style=\"text-align: justify;\"><\/div>\n<div style=\"text-align: justify;\">La diputada Carolina Tello explic\u00f3 que \u00abesto es para tener mejores recorridos, mejores horarios, m\u00e1s seguridad y la certeza de poder trasladarnos de manera segura en toda nuestra regi\u00f3n, nos encontramos con el ministro Elizalde y la ministra Vallejo\u00bb.<\/div>\n<div style=\"text-align: justify;\"><\/div>\n<div style=\"text-align: justify;\">La concejala ovallina Fanny Vega dijo que \u00abhace un tiempo atr\u00e1s reunimos m\u00e1s de dos mil firmas, a trav\u00e9s de los vecinos, sindicatos de muchas personas que exigen al Gobierno la aprobaci\u00f3n de esta ley, por favor necesitamos m\u00e1s micros\u00bb.<\/div>\n<div style=\"text-align: justify;\"><\/div>\n<div style=\"text-align: justify;\">Paloma Salom\u00e9 indic\u00f3 que \u00abacompa\u00f1amos a nuestra diputada Carolina Tello para entregar estas firmas y mejorar\u00a0el transporte p\u00fablico en nuestra comuna de La Serena, en Las Compa\u00f1\u00edas, La Antena, Caleta San Pedro, El Olivar, H\u00e9roes de la Concepci\u00f3n, Centenario y Alto Oriente\u00bb.<\/div>\n<div style=\"text-align: justify;\"><\/div>\n<div style=\"text-align: justify;\">Carlos Figueroa de Los Vilos sostuvo que \u00abacompa\u00f1amos a nuestros diputados que impulsan este Proyecto de Ley. Actualmente estamos invirtiendo unos 350 millones de pesos para poder transportar a nuestros escolares, estudiantes, m\u00e1s a\u00fan en mi comuna de Los Vilos, en sectores rurales. Los municipios deben tener facultades para solucionar este grave problema que est\u00e1 ocurriendo d\u00eda a d\u00eda en diversas comunas\u00bb.<\/div>\n<div style=\"text-align: justify;\"><\/div>\n<div style=\"text-align: justify;\">Nelson Mart\u00ednez de Coquimbo se\u00f1al\u00f3 que \u00abeste PL es coherente con la necesidad de transporte de la zona, m\u00e1s los sectores rurales que siempre tienen problemas, nunca llegan\u00a0ah\u00ed. Yo espero que este Proyecto salga adelante y beneficie a muchas ciudades\u00bb.<\/div>\n<div style=\"text-align: justify;\"><\/div>\n<div style=\"text-align: justify;\">Luis Aguilera, de La Serena indic\u00f3 que \u00abEste proyecto de Ley va a beneficiar a todo nuestro pa\u00eds. En nuestra ciudad tenemos el 95% de los sectores rurales abandonados por el transporte\u00bb.<\/div>\n<div style=\"text-align: justify;\"><\/div>\n<div style=\"text-align: justify;\">Ignacio Plaza, de Coquimbo afirm\u00f3 que \u00abeste Proyecto va en beneficio directo de los vecinos y vecinas de nuestra regi\u00f3n. En especial para los sectores donde no llegan las micros\u00bb.<\/div>\n<div><\/div>\n","protected":false},"excerpt":{"rendered":"<p>Los diputados Luis Cuello, Carolina Tello y concejales de diversas comunas de la regi\u00f3n entregaron estas firmas para que el Ejecutivo no tan s\u00f3lo patrocine este Proyecto de Ley, si no que tambi\u00e9n le ponga urgencia. Hay muchos sectores rurales de la regi\u00f3n que no est\u00e1 pasando el transporte de<\/p>\n","protected":false},"author":1,"featured_media":3089,"comment_status":"closed","ping_status":"closed","sticky":false,"template":"","format":"standard","meta":{"footnotes":""},"categories":[26],"tags":[],"class_list":["post-3088","post","type-post","status-publish","format-standard","has-post-thumbnail","hentry","category-camara-de-diputadas-y-diputados"],"_links":{"self":[{"href":"https:\/\/minutaregional.cl\/index.php?rest_route=\/wp\/v2\/posts\/3088","targetHints":{"allow":["GET"]}}],"collection":[{"href":"https:\/\/minutaregional.cl\/index.php?rest_route=\/wp\/v2\/posts"}],"about":[{"href":"https:\/\/minutaregional.cl\/index.php?rest_route=\/wp\/v2\/types\/post"}],"author":[{"embeddable":true,"href":"https:\/\/minutaregional.cl\/index.php?rest_route=\/wp\/v2\/users\/1"}],"replies":[{"embeddable":true,"href":"https:\/\/minutaregional.cl\/index.php?rest_route=%2Fwp%2Fv2%2Fcomments&post=3088"}],"version-history":[{"count":1,"href":"https:\/\/minutaregional.cl\/index.php?rest_route=\/wp\/v2\/posts\/3088\/revisions"}],"predecessor-version":[{"id":3090,"href":"https:\/\/minutaregional.cl\/index.php?rest_route=\/wp\/v2\/posts\/3088\/revisions\/3090"}],"wp:featuredmedia":[{"embeddable":true,"href":"https:\/\/minutaregional.cl\/index.php?rest_route=\/wp\/v2\/media\/3089"}],"wp:attachment":[{"href":"https:\/\/minutaregional.cl\/index.php?rest_route=%2Fwp%2Fv2%2Fmedia&parent=3088"}],"wp:term":[{"taxonomy":"category","embeddable":true,"href":"https:\/\/minutaregional.cl\/index.php?rest_route=%2Fwp%2Fv2%2Fcategories&post=3088"},{"taxonomy":"post_tag","embeddable":true,"href":"https:\/\/minutaregional.cl\/index.php?rest_route=%2Fwp%2Fv2%2Ftags&post=3088"}],"curies":[{"name":"wp","href":"https:\/\/api.w.org\/{rel}","templated":true}]}}