{"id":3084,"date":"2023-05-23T01:59:09","date_gmt":"2023-05-23T01:59:09","guid":{"rendered":"https:\/\/minutaregional.cl\/?p=3084"},"modified":"2023-05-23T01:59:09","modified_gmt":"2023-05-23T01:59:09","slug":"96-de-los-ninos-diagnosticados-por-influenza-no-estan-vacunados-ademas-el-4-de-los-diagnosticados-se-encuentra-con-su-esquema-de-vacunacion-incompleto","status":"publish","type":"post","link":"https:\/\/minutaregional.cl\/?p=3084","title":{"rendered":"96% de los ni\u00f1os diagnosticados por Influenza no est\u00e1n vacunados \u2022\tAdem\u00e1s, el 4% de los diagnosticados se encuentra con su esquema de vacunaci\u00f3n incompleto."},"content":{"rendered":"<audio class=\"wp-audio-shortcode\" id=\"audio-3084-1\" preload=\"none\" style=\"width: 100%;\" controls=\"controls\"><source type=\"audio\/mpeg\" src=\"https:\/\/minutaregional.cl\/wp-content\/uploads\/2023\/05\/Seremi-de-Salud.Paola-Salas.mp3?_=1\" \/><a href=\"https:\/\/minutaregional.cl\/wp-content\/uploads\/2023\/05\/Seremi-de-Salud.Paola-Salas.mp3\">https:\/\/minutaregional.cl\/wp-content\/uploads\/2023\/05\/Seremi-de-Salud.Paola-Salas.mp3<\/a><\/audio>\n<p>AUDIO : Seremi de Salud Paola Salas<\/p>\n<p style=\"text-align: justify;\">Preocupaci\u00f3n mostraron desde la Autoridad Sanitaria por la baja vacunaci\u00f3n de Influenza en los ni\u00f1os y ni\u00f1as de la regi\u00f3n, previo al inicio del invierno y cuando la circulaci\u00f3n de virus respiratorios se encuentra en aumento.<\/p>\n<p style=\"text-align: justify;\">De acuerdo con datos de la Seremi de Salud, actualmente, s\u00f3lo el 52% de los ni\u00f1os entre 6 meses y 5 a\u00f1os se ha vacunado contra la Influenza. Mientras, que los menores entre 6 y 10 a\u00f1os presentan una cobertura de un 69%.<\/p>\n<p style=\"text-align: justify;\">Al respecto, la enfermera y Encargada del Programa de Inmunizaciones de la Seremi de Salud, Karen Gallardo, se\u00f1al\u00f3 que \u201cTenemos una baja cobertura en los ni\u00f1os\/as, por lo cual, es muy importante que los padres puedan llevar a sus hijos a los vacunatorios para que reciban su dosis, considerando que los casos de Influenza se encuentran aumento\u201d.<\/p>\n<p style=\"text-align: justify;\">Adem\u00e1s, la profesional explic\u00f3 que \u201cDe acuerdo con datos entregados por la Unidad de Epidemiolog\u00eda de la Seremi, de 46 ni\u00f1os diagnosticados con Influenza en el mes de mayo, el 96% de ellos no est\u00e1n vacunados contra esta enfermedad, mientras que el 4% se encuentra con su esquema de vacunaci\u00f3n incompleto\u201d. Sostuvo Gallardo.<\/p>\n<p style=\"text-align: justify;\"><strong><u>Reforzar las medidas de prevenci\u00f3n:<\/u><\/strong><\/p>\n<p style=\"text-align: justify;\"><strong><u>\u00a0<\/u><\/strong>La Seremi de Salud, Dra. Paola Salas explic\u00f3 el escenario epidemiol\u00f3gico de la regi\u00f3n, en cuanto a los virus respiratorios \u201cEn nuestro pa\u00eds en general tenemos un aumento de la circulaci\u00f3n viral, este escenario se adelant\u00f3 1 mes en relaci\u00f3n al a\u00f1o 2022,\u201d se\u00f1al\u00f3 salas.<\/p>\n<p style=\"text-align: justify;\">Al respecto, la Seremi reforz\u00f3 que la medida de protecci\u00f3n m\u00e1s efectiva para los cuadros de Influenza es la vacunaci\u00f3n. Y, Adem\u00e1s, agreg\u00f3 \u201cEl llamado a la poblaci\u00f3n es a volver a las medidas de precauci\u00f3n y autocuidado. Esto nos va a permitir detener el avance de estos virus respiratorios. Se debe ventilar los espacios comunes, evitar los lugares con aglomeraciones y propiciar el lavado frecuente de manos\u201d. Agreg\u00f3 la Autoridad Sanitaria.<\/p>\n<p style=\"text-align: justify;\"><strong><u>La vacuna:<\/u><\/strong><\/p>\n<p style=\"text-align: justify;\"><strong>\u00a0<\/strong>Disminuye la probabilidad de enfermar de Influenza y reduce la severidad de la enfermedad en aquellos que se enferman a pesar de haberse vacunado.<\/p>\n<p style=\"text-align: justify;\">Es gratuita para todas las personas pertenecientes a los grupos objetivo, sean ellas beneficiarias de FONASA o ISAPRE, independientemente del vacunatorio al que acudan.<\/p>\n<p>&nbsp;<\/p>\n<p>&nbsp;<\/p>\n","protected":false},"excerpt":{"rendered":"<p>AUDIO : Seremi de Salud Paola Salas Preocupaci\u00f3n mostraron desde la Autoridad Sanitaria por la baja vacunaci\u00f3n de Influenza en los ni\u00f1os y ni\u00f1as de la regi\u00f3n, previo al inicio del invierno y cuando la circulaci\u00f3n de virus respiratorios se encuentra en aumento. De acuerdo con datos de la Seremi<\/p>\n","protected":false},"author":1,"featured_media":3085,"comment_status":"closed","ping_status":"closed","sticky":false,"template":"","format":"standard","meta":{"footnotes":""},"categories":[51],"tags":[],"class_list":["post-3084","post","type-post","status-publish","format-standard","has-post-thumbnail","hentry","category-seremisalud_coquimbo"],"_links":{"self":[{"href":"https:\/\/minutaregional.cl\/index.php?rest_route=\/wp\/v2\/posts\/3084","targetHints":{"allow":["GET"]}}],"collection":[{"href":"https:\/\/minutaregional.cl\/index.php?rest_route=\/wp\/v2\/posts"}],"about":[{"href":"https:\/\/minutaregional.cl\/index.php?rest_route=\/wp\/v2\/types\/post"}],"author":[{"embeddable":true,"href":"https:\/\/minutaregional.cl\/index.php?rest_route=\/wp\/v2\/users\/1"}],"replies":[{"embeddable":true,"href":"https:\/\/minutaregional.cl\/index.php?rest_route=%2Fwp%2Fv2%2Fcomments&post=3084"}],"version-history":[{"count":1,"href":"https:\/\/minutaregional.cl\/index.php?rest_route=\/wp\/v2\/posts\/3084\/revisions"}],"predecessor-version":[{"id":3087,"href":"https:\/\/minutaregional.cl\/index.php?rest_route=\/wp\/v2\/posts\/3084\/revisions\/3087"}],"wp:featuredmedia":[{"embeddable":true,"href":"https:\/\/minutaregional.cl\/index.php?rest_route=\/wp\/v2\/media\/3085"}],"wp:attachment":[{"href":"https:\/\/minutaregional.cl\/index.php?rest_route=%2Fwp%2Fv2%2Fmedia&parent=3084"}],"wp:term":[{"taxonomy":"category","embeddable":true,"href":"https:\/\/minutaregional.cl\/index.php?rest_route=%2Fwp%2Fv2%2Fcategories&post=3084"},{"taxonomy":"post_tag","embeddable":true,"href":"https:\/\/minutaregional.cl\/index.php?rest_route=%2Fwp%2Fv2%2Ftags&post=3084"}],"curies":[{"name":"wp","href":"https:\/\/api.w.org\/{rel}","templated":true}]}}