{"id":3074,"date":"2023-05-23T01:12:40","date_gmt":"2023-05-23T01:12:40","guid":{"rendered":"https:\/\/minutaregional.cl\/?p=3074"},"modified":"2023-05-23T01:12:40","modified_gmt":"2023-05-23T01:12:40","slug":"municipio-y-comunidad-se-unen-en-limpieza-y-recuperacion-de-ciclovia-en-el-sector-sur-oriente-de-tierras-blancas","status":"publish","type":"post","link":"https:\/\/minutaregional.cl\/?p=3074","title":{"rendered":"Municipio y Comunidad se Unen en Limpieza y Recuperaci\u00f3n de Ciclov\u00eda en el Sector sur Oriente de Tierras Blancas"},"content":{"rendered":"<p style=\"text-align: justify;\">Con gran compromiso, entusiasmo y participaci\u00f3n ciudadana, los vecinos, vecinas, establecimientos de educaci\u00f3n parvularia y equipos operativos de la Delegaci\u00f3n Municipal de Tierras Blancas, se sumaron a una jornada de limpieza y concientizaci\u00f3n ambiental en el sector sur oriente de la localidad, con la misi\u00f3n de limpiar y erradicar focos de basura e insalubridad desde la ciclov\u00eda que atraviesa el territorio y que diariamente es usada por la comunidad local para desplazarse en el sector.<\/p>\n<p style=\"text-align: justify;\">El a\u00f1o reci\u00e9n pasado y bajo el lema \u201cSembrando consciencia\u201d, las comunidades educativas de los jardines infantiles Alberto Hurtado y Semillitas del Portal, realizaron un operativo de limpieza y reforestaci\u00f3n en el mismo lugar, sin embargo, la acci\u00f3n inescrupulosa de personas que botan basura en lugares no habilitados para ello, llev\u00f3 nuevamente a los vecinos a unirse en un operativo para limpiar y recuperar el espacio p\u00fablico que es de todos y todas.<\/p>\n<p style=\"text-align: justify;\">Nataly Gallardo, Tesorera de la Junta de vecinos Sur Oriente, destac\u00f3 la importancia que reviste para ella y sus vecinos este operativo ambiental, \u201cEs s\u00faper bueno, porque ac\u00e1 la gente siempre viene a botar mucha basura y ojal\u00e1 no se vuelva a repetir, porque ac\u00e1 juegan muchos en este sector. Esta actividad a los ni\u00f1os sirve harto, es una experiencia muy bonita para ellos\u00bb.<\/p>\n<p style=\"text-align: justify;\">La intervenci\u00f3n de este viernes, se realiz\u00f3 en el tramo comprendido entre el pasaje Los \u00c1ngeles y Puerto Varas, lugar donde vecinos, vecinas y los alumnos de los dos jardines infantiles presentes en el territorio, con guantes, bolsas de basura y sobre todo motivaci\u00f3n, iniciaron la recogida manual de botellas pl\u00e1sticas, colillas de cigarro y diversos desperdicios, mientras paralelamente, la cuadrilla operativa de la Direcci\u00f3n de Aseo y Ornato y Delegaci\u00f3n Municipal de Tierras Blancas, se abocaron a la tarea de retirar escombros, ramas de \u00e1rboles y elementos de mayor tama\u00f1o, todo lo cual\u00a0 permiti\u00f3 despejar el tramo de la ciclov\u00eda y el terreno aleda\u00f1o a ella, que colinda con viviendas y establecimientos educacionales.<\/p>\n<p style=\"text-align: justify;\">Lo m\u00e1s contentos con esa jornada de limpieza, fueron los ni\u00f1os y ni\u00f1as de los jardines infantiles, quienes, en sus respectivos establecimientos educacionales, trabajan los conceptos de valorizaci\u00f3n, cuidado del medio ambiente y protecci\u00f3n de los recursos naturales, como parte de su proyecto educativo.<\/p>\n<p style=\"text-align: justify;\">\u201cLos ni\u00f1os est\u00e1n entusiasmados y hay harta convocatoria por parte de la familia, y eso es fundamental hoy en d\u00eda, que las familias est\u00e9n entusiasmadas. Crear esta consciencia en los ni\u00f1os desde la primera infancia es fundamental, porque ellos van a ser el futuro y los principales gestores en cuidar el medio ambiente. Nuestro jard\u00edn tiene como base el cuidado del medio ambiente y es nuestro proyecto educativo institucional\u201d, se\u00f1al\u00f3 Carolina Mi\u00f1o Gallardo, Directora del Jard\u00edn Alberto Hurtado de Tierras Blancas.<\/p>\n<p style=\"text-align: justify;\">Para el \u00e9xito de esta actividad fue determinante el compromiso de las familias, padres y apoderados, que acompa\u00f1aron a sus hijos e hijos en la jornada y contribuyeron con esta importante tarea, \u201cEstamos como familia apoyando al jard\u00edn, es una iniciativa muy buena y hay que ense\u00f1arles a los ni\u00f1os de chiquititos para que tengan consciencia que hay que limpiar, porque el beneficio es para todos, no solo para los ni\u00f1os. Esta ciclov\u00eda es muy importante, porque es un lugar donde muchas mam\u00e1s transitan\u00bb, se\u00f1al\u00f3 Diana Cort\u00e9s, apoderada del jard\u00edn Alberto Hurtado.<\/p>\n<p style=\"text-align: justify;\">Tiare Garrido, tambi\u00e9n acompa\u00f1\u00f3 a su hija en el operativo y valor\u00f3 la instancia de concientizaci\u00f3n ambiental, \u00abAprenden mucho a cuidar el Medio ambiente, cuidar a los animales, las plantas y a no contaminar m\u00e1s el planeta de lo que ya est\u00e1 contaminado. Esta actividad es muy importante sobre todo para ellos, porque se mantiene limpio para que jueguen tranquilamente y no tengan la basura encima\u00bb.<\/p>\n<p style=\"text-align: justify;\"><strong>RESCATE DE ESPACIOS P\u00daBLICOS<\/strong><\/p>\n<p style=\"text-align: justify;\">La Delegaci\u00f3n Municipal de Tierras Blancas realiza constantemente una serie de operativos para el rescate y recuperaci\u00f3n de espacios p\u00fablicos, junto a un f\u00e9rreo trabajo para la eliminaci\u00f3n de microbasurales que, lamentablemente, son generados por las y los propios vecinos.<\/p>\n<p style=\"text-align: justify;\">Sobre el operativo realizado este viernes, Alejandro Galleguillos, Delegado Municipal de Tierras Blancas, indic\u00f3 que \u00abEn esta ciclov\u00eda hacemos un trabajo de limpieza permanente. Nuestro Acalde Ali Manouchehri nos ha solicitado trabajar en diversos sectores de Tierras Blancas, pero este esfuerzo municipal se fortalece, cuando la comunidad de forma activa y participativa se suma a la labor de limpiar su entorno y recuperar su barrio. Estamos contentos del compromiso que demostraron hoy las comunidades educativas de los dos jardines infantiles que funcionan en el sector, de las familias, los vecinos del sector sur oriente y nuestras cuadrillas, que se hicieron parte de este operativo. Desde el Municipio, vamos a continuar en la tarea de generar consciencia sobre la importancia de cuidar, mantener y recuperar los espacios p\u00fablicos para devolverlos a la comunidad\u00bb, concluy\u00f3.<\/p>\n<p style=\"text-align: justify;\">\n","protected":false},"excerpt":{"rendered":"<p>Con gran compromiso, entusiasmo y participaci\u00f3n ciudadana, los vecinos, vecinas, establecimientos de educaci\u00f3n parvularia y equipos operativos de la Delegaci\u00f3n Municipal de Tierras Blancas, se sumaron a una jornada de limpieza y concientizaci\u00f3n ambiental en el sector sur oriente de la localidad, con la misi\u00f3n de limpiar y erradicar focos<\/p>\n","protected":false},"author":1,"featured_media":3075,"comment_status":"closed","ping_status":"closed","sticky":false,"template":"","format":"standard","meta":{"footnotes":""},"categories":[21],"tags":[],"class_list":["post-3074","post","type-post","status-publish","format-standard","has-post-thumbnail","hentry","category-municipalidades"],"_links":{"self":[{"href":"https:\/\/minutaregional.cl\/index.php?rest_route=\/wp\/v2\/posts\/3074","targetHints":{"allow":["GET"]}}],"collection":[{"href":"https:\/\/minutaregional.cl\/index.php?rest_route=\/wp\/v2\/posts"}],"about":[{"href":"https:\/\/minutaregional.cl\/index.php?rest_route=\/wp\/v2\/types\/post"}],"author":[{"embeddable":true,"href":"https:\/\/minutaregional.cl\/index.php?rest_route=\/wp\/v2\/users\/1"}],"replies":[{"embeddable":true,"href":"https:\/\/minutaregional.cl\/index.php?rest_route=%2Fwp%2Fv2%2Fcomments&post=3074"}],"version-history":[{"count":2,"href":"https:\/\/minutaregional.cl\/index.php?rest_route=\/wp\/v2\/posts\/3074\/revisions"}],"predecessor-version":[{"id":3077,"href":"https:\/\/minutaregional.cl\/index.php?rest_route=\/wp\/v2\/posts\/3074\/revisions\/3077"}],"wp:featuredmedia":[{"embeddable":true,"href":"https:\/\/minutaregional.cl\/index.php?rest_route=\/wp\/v2\/media\/3075"}],"wp:attachment":[{"href":"https:\/\/minutaregional.cl\/index.php?rest_route=%2Fwp%2Fv2%2Fmedia&parent=3074"}],"wp:term":[{"taxonomy":"category","embeddable":true,"href":"https:\/\/minutaregional.cl\/index.php?rest_route=%2Fwp%2Fv2%2Fcategories&post=3074"},{"taxonomy":"post_tag","embeddable":true,"href":"https:\/\/minutaregional.cl\/index.php?rest_route=%2Fwp%2Fv2%2Ftags&post=3074"}],"curies":[{"name":"wp","href":"https:\/\/api.w.org\/{rel}","templated":true}]}}