{"id":3051,"date":"2023-03-19T11:51:05","date_gmt":"2023-03-19T11:51:05","guid":{"rendered":"https:\/\/minutaregional.cl\/?p=3051"},"modified":"2023-03-19T11:51:05","modified_gmt":"2023-03-19T11:51:05","slug":"pdi-investiga-robo-con-violencia-que-habria-cometido-un-grupo-de-falsos-detectives-contra-una-familia-de-salamanca","status":"publish","type":"post","link":"https:\/\/minutaregional.cl\/?p=3051","title":{"rendered":"PDI INVESTIGA ROBO CON VIOLENCIA QUE HABR\u00cdA COMETIDO UN GRUPO DE FALSOS DETECTIVES CONTRA UNA FAMILIA DE SALAMANCA"},"content":{"rendered":"<p style=\"text-align: justify;\"><em>5 residentes del domicilio violentado, en la localidad rural de Tahuinco, fueron atendidos en el hospital de la comuna minera y el herido m\u00e1s grave, fue trasladado al hospital de Illapel. <\/em><\/p>\n<p style=\"text-align: justify;\">Una noche de terror vivieron los integrantes de una familia, cuando un grupo de sujetos armados y algunos con su rostro cubierto, irrumpieron en un domicilio ubicado en el callej\u00f3n Los G\u00e1lvez, sector rural de Salamanca, en la provincia del Choapa.<\/p>\n<p style=\"text-align: justify;\">\u201cSomos de la PDI, todos al suelo\u201d, habr\u00edan gritado los individuos, mientras ingresaban para abordar con violencia al grupo familiar que se encontraba pernoctando en dos inmuebles colindantes, agredi\u00e9ndolos y amenaz\u00e1ndolos, incluso efectuando varios disparos. \u201cD\u00f3nde est\u00e1 la plata\u201d, repet\u00edan los sujetos, seg\u00fan lo que se\u00f1alaron en su denuncia las v\u00edctimas, mientras eran atendidas en el hospital de Salamanca y uno de ellos, herido de gravedad por una fractura provocada durante este asalto, debi\u00f3 ser trasladado al hospital de Illapel.<\/p>\n<p style=\"text-align: justify;\">\u201c<strong>Detectives de esta unidad concurren, durante la madrugada, para desarrollar las primeras diligencias por el delito de robo con violencia, seg\u00fan la instrucci\u00f3n verbal ordenada por la fiscal\u00eda de turno de Illapel. Adem\u00e1s del empadronamiento a las v\u00edctimas, 3 hombres y 2 mujeres, todos chilenos entre los 16 y 60 a\u00f1os, concurrimos al domicilio violentado en la localidad de Tahuinco, para levantar las evidencias que nos permitan esclarecer la criminodin\u00e1mica de los hechos y, en definitiva, ubicar a los responsables\u201d,<\/strong> inform\u00f3 el inspector \u00d3scar Leiva, de la Brigada de Investigaci\u00f3n Criminal Illapel.<\/p>\n<p style=\"text-align: justify;\">Los detectives a cargo del trabajo cient\u00edfico t\u00e9cnico en el sitio del suceso, encontraron diversas evidencias de inter\u00e9s criminal\u00edstico y fueron levantadas para el an\u00e1lisis de los peritos del Laboratorio de Criminal\u00edstica Regional, donde confirmaron el uso de armas de fuego, mientras siguen en desarrollo nuevas diligencias, en coordinaci\u00f3n con el Ministerio P\u00fablico.<\/p>\n","protected":false},"excerpt":{"rendered":"<p>5 residentes del domicilio violentado, en la localidad rural de Tahuinco, fueron atendidos en el hospital de la comuna minera y el herido m\u00e1s grave, fue trasladado al hospital de Illapel. Una noche de terror vivieron los integrantes de una familia, cuando un grupo de sujetos armados y algunos con<\/p>\n","protected":false},"author":1,"featured_media":3052,"comment_status":"closed","ping_status":"open","sticky":false,"template":"","format":"standard","meta":{"footnotes":""},"categories":[14],"tags":[],"class_list":["post-3051","post","type-post","status-publish","format-standard","has-post-thumbnail","hentry","category-pdi"],"_links":{"self":[{"href":"https:\/\/minutaregional.cl\/index.php?rest_route=\/wp\/v2\/posts\/3051","targetHints":{"allow":["GET"]}}],"collection":[{"href":"https:\/\/minutaregional.cl\/index.php?rest_route=\/wp\/v2\/posts"}],"about":[{"href":"https:\/\/minutaregional.cl\/index.php?rest_route=\/wp\/v2\/types\/post"}],"author":[{"embeddable":true,"href":"https:\/\/minutaregional.cl\/index.php?rest_route=\/wp\/v2\/users\/1"}],"replies":[{"embeddable":true,"href":"https:\/\/minutaregional.cl\/index.php?rest_route=%2Fwp%2Fv2%2Fcomments&post=3051"}],"version-history":[{"count":1,"href":"https:\/\/minutaregional.cl\/index.php?rest_route=\/wp\/v2\/posts\/3051\/revisions"}],"predecessor-version":[{"id":3053,"href":"https:\/\/minutaregional.cl\/index.php?rest_route=\/wp\/v2\/posts\/3051\/revisions\/3053"}],"wp:featuredmedia":[{"embeddable":true,"href":"https:\/\/minutaregional.cl\/index.php?rest_route=\/wp\/v2\/media\/3052"}],"wp:attachment":[{"href":"https:\/\/minutaregional.cl\/index.php?rest_route=%2Fwp%2Fv2%2Fmedia&parent=3051"}],"wp:term":[{"taxonomy":"category","embeddable":true,"href":"https:\/\/minutaregional.cl\/index.php?rest_route=%2Fwp%2Fv2%2Fcategories&post=3051"},{"taxonomy":"post_tag","embeddable":true,"href":"https:\/\/minutaregional.cl\/index.php?rest_route=%2Fwp%2Fv2%2Ftags&post=3051"}],"curies":[{"name":"wp","href":"https:\/\/api.w.org\/{rel}","templated":true}]}}