{"id":3043,"date":"2023-02-09T20:51:57","date_gmt":"2023-02-09T20:51:57","guid":{"rendered":"https:\/\/minutaregional.cl\/?p=3043"},"modified":"2023-02-09T20:51:57","modified_gmt":"2023-02-09T20:51:57","slug":"fundacion-filarmonica-de-coquimbo-invita-a-conciertos-gratuitos-para-celebrar-el-amor-en-febrero","status":"publish","type":"post","link":"https:\/\/minutaregional.cl\/?p=3043","title":{"rendered":"Fundaci\u00f3n Filarm\u00f3nica de Coquimbo invita a conciertos gratuitos para celebrar el amor en febrero"},"content":{"rendered":"<p style=\"text-align: justify;\"><em>La Orquesta Filarm\u00f3nica de Coquimbo presentar\u00e1, en Guanaqueros y tendr\u00e1 lugar en el sector Empalme de la comuna puerto el \u00abConcierto M\u00fasica y Ritual para el Amor\u201d, los d\u00edas 14 y 15 de febrero.<\/em><\/p>\n<p style=\"text-align: justify;\">Desde tiempos inmemoriales, el ser humano ha visto c\u00f3mo el amor se ha erigido como el sentimiento base de sus acciones y comportamientos, siendo, por ejemplo, la piedra fundamental para las familias. Y tambi\u00e9n desde tiempos remotos, las diversas expresiones art\u00edsticas han tenido al amor como una de sus principales inspiraciones.<\/p>\n<p style=\"text-align: justify;\"><strong>Concierto M\u00fasica y Ritual para el Amor<\/strong><\/p>\n<p style=\"text-align: justify;\">En este contexto, y especialmente en estos d\u00edas de febrero en que el mundo celebra al amor, la Fundaci\u00f3n Filarm\u00f3nica de Coquimbo inaugurar\u00e1 su Temporada de Conciertos 2023 con un evento especial preparado por uno de sus elencos: la Orquesta Filarm\u00f3nica de Coquimbo.<\/p>\n<p style=\"text-align: justify;\">La orquesta, compuesta por 37 m\u00fasicos profesionales, presentar\u00e1, en Guanaqueros y la Plaza Vicu\u00f1a Mackenna de Coquimbo el \u00abConcierto M\u00fasica y Ritual para el Amor\u201d, jornada que ser\u00e1 conducida, musicalmente, por la directora Ninoska Medel Soazo.<\/p>\n<p style=\"text-align: justify;\">Los conciertos se desarrollar\u00e1n, a las 20:00 horas, durante dos d\u00edas simult\u00e1neos: el 14 de febrero en el balneario de Guanaqueros, mientras que el 15 de febrero el evento tendr\u00e1 lugar en la citada Plaza Vicu\u00f1a Mackenna, en el centro de Coquimbo (Barrio Ingl\u00e9s).<\/p>\n<p style=\"text-align: justify;\"><strong>Repertorio especial<\/strong><\/p>\n<p style=\"text-align: justify;\">La Programaci\u00f3n considera obras de Felix Mendelssohn, con el solista Rodrigo Arenas Ogalde; y de George Bizet y Manuel de Falla con la solista Camila Aguilera Ya\u00f1ez; y adem\u00e1s, la obra \u201cAl otro lado del cielo\u201d de la compositora chilena Valeria Valle Rodr\u00edguez. Al respecto, la directora Ninoska Medel, comenta que el primer programa del 2023 coincide con la celebraci\u00f3n del d\u00eda del amor, \u201cy por esa raz\u00f3n tocaremos un repertorio que tiene mucho que decir al respecto, especialmente las obras con las que finalizaremos el concierto, la Suite Carmen y El amor brujo\u201d.<\/p>\n<p style=\"text-align: justify;\">\u201cLa primera obra\u201d, explica la directora art\u00edstica, \u201ctrata de una mujer libre, Carmen, quien por mantenerse fiel a sus deseos es v\u00edctima de un femicida que no tolera esta situaci\u00f3n. Por otra parte, el amor brujo trata de una situaci\u00f3n de violencia similar, pero el victimario es quien muere, por lo que Candela, la gitana protagonista, realiza un ritual para dejar este trauma atr\u00e1s, sanarse con la ayuda de una amiga y abrirse a la posibilidad de un nuevo amor rom\u00e1ntico, esta vez, genuino y real\u201d, precisa.<\/p>\n<p style=\"text-align: justify;\">Por su parte, la Directora Ejecutiva de la Fundaci\u00f3n Filarm\u00f3nica de Coquimbo, Dagnne Rojas Arquero, hace un llamado abierto a toda la comunidad a sumarse y presenciar estos conciertos, \u201cque son financiados con fondos del Ministerio de las Culturas, las Artes y el Patrimonio, a trav\u00e9s del Programa de Apoyo a Organizaciones Culturales Colaboradoras del pa\u00eds, y con el patrocinio tambi\u00e9n de la Ilustre Municipalidad de Coquimbo. Este es un programa de acceso abierto al p\u00fablico y gratuito, que busca instalar en este mes de febrero una maravillosa instancia de m\u00fasica que con mucho cari\u00f1o hemos preparado para quienes residen y tambi\u00e9n para quienes visitan la zona en esta \u00e9poca estival\u201d.<\/p>\n","protected":false},"excerpt":{"rendered":"<p>La Orquesta Filarm\u00f3nica de Coquimbo presentar\u00e1, en Guanaqueros y tendr\u00e1 lugar en el sector Empalme de la comuna puerto el \u00abConcierto M\u00fasica y Ritual para el Amor\u201d, los d\u00edas 14 y 15 de febrero. Desde tiempos inmemoriales, el ser humano ha visto c\u00f3mo el amor se ha erigido como el<\/p>\n","protected":false},"author":1,"featured_media":3044,"comment_status":"closed","ping_status":"open","sticky":false,"template":"","format":"standard","meta":{"footnotes":""},"categories":[1],"tags":[],"class_list":["post-3043","post","type-post","status-publish","format-standard","has-post-thumbnail","hentry","category-noticias-regionales"],"_links":{"self":[{"href":"https:\/\/minutaregional.cl\/index.php?rest_route=\/wp\/v2\/posts\/3043","targetHints":{"allow":["GET"]}}],"collection":[{"href":"https:\/\/minutaregional.cl\/index.php?rest_route=\/wp\/v2\/posts"}],"about":[{"href":"https:\/\/minutaregional.cl\/index.php?rest_route=\/wp\/v2\/types\/post"}],"author":[{"embeddable":true,"href":"https:\/\/minutaregional.cl\/index.php?rest_route=\/wp\/v2\/users\/1"}],"replies":[{"embeddable":true,"href":"https:\/\/minutaregional.cl\/index.php?rest_route=%2Fwp%2Fv2%2Fcomments&post=3043"}],"version-history":[{"count":1,"href":"https:\/\/minutaregional.cl\/index.php?rest_route=\/wp\/v2\/posts\/3043\/revisions"}],"predecessor-version":[{"id":3045,"href":"https:\/\/minutaregional.cl\/index.php?rest_route=\/wp\/v2\/posts\/3043\/revisions\/3045"}],"wp:featuredmedia":[{"embeddable":true,"href":"https:\/\/minutaregional.cl\/index.php?rest_route=\/wp\/v2\/media\/3044"}],"wp:attachment":[{"href":"https:\/\/minutaregional.cl\/index.php?rest_route=%2Fwp%2Fv2%2Fmedia&parent=3043"}],"wp:term":[{"taxonomy":"category","embeddable":true,"href":"https:\/\/minutaregional.cl\/index.php?rest_route=%2Fwp%2Fv2%2Fcategories&post=3043"},{"taxonomy":"post_tag","embeddable":true,"href":"https:\/\/minutaregional.cl\/index.php?rest_route=%2Fwp%2Fv2%2Ftags&post=3043"}],"curies":[{"name":"wp","href":"https:\/\/api.w.org\/{rel}","templated":true}]}}