{"id":3039,"date":"2023-02-09T20:37:00","date_gmt":"2023-02-09T20:37:00","guid":{"rendered":"https:\/\/minutaregional.cl\/?p=3039"},"modified":"2023-02-09T20:37:00","modified_gmt":"2023-02-09T20:37:00","slug":"cge-informa-desconexion-programada-en-la-cima-de-cerro-grande-en-la-serena","status":"publish","type":"post","link":"https:\/\/minutaregional.cl\/?p=3039","title":{"rendered":"CGE informa desconexi\u00f3n programada en la cima de Cerro Grande en La Serena"},"content":{"rendered":"<ul>\n<li style=\"text-align: justify;\">Interrupci\u00f3n de suministro no afectar\u00e1 a clientes residenciales, sino que a 38 servicios pertenecientes a telecomunicaciones, medios de comunicaci\u00f3n y empresas particulares.<\/li>\n<\/ul>\n<p style=\"text-align: justify;\">CGE, empresa de distribuci\u00f3n el\u00e9ctrica que atiende a m\u00e1s de tres millones de clientes entre las regiones de Arica y Parinacota y la Araucan\u00eda, informa que este viernes 10 de febrero entre las 10:00 y las 15:00 horas se llevar\u00e1 a cabo un corte programado de suministro en la cima del Cerro Grande en La Serena.<\/p>\n<p style=\"text-align: justify;\">Esta acci\u00f3n responde a una solicitud de un cliente de telecomunicaciones que debe hacer arreglos en sus instalaciones particulares, por lo que se requiere desenergizar el arranque que va hacia ese sector y que involucra a 38 clientes, todos pertenecientes al \u00e1mbito de telecomunicaciones, medios de comunicaci\u00f3n y empresas particulares. CGE aclara que ning\u00fan cliente residencial se ver\u00e1 afectado por esta desconexi\u00f3n.<\/p>\n<p style=\"text-align: justify;\">CGE agradece la recepci\u00f3n de esta informaci\u00f3n y como medida preventiva recomienda a los clientes involucrados mantener desenchufados todos los equipos el\u00e9ctricos de sus instalaciones durante el per\u00edodo de desconexi\u00f3n. Asimismo, en caso de tener alguna duda, puede hacer las consultas correspondientes en los siguientes canales de contacto: Fono Emergencia 800 800 767; la cuenta de Twitter @CGE_Clientes y la p\u00e1gina web: <a href=\"http:\/\/www.cge.cl\">www.cge.cl<\/a>.<\/p>\n<p style=\"text-align: justify;\"><strong>Consejo<\/strong><\/p>\n<p style=\"text-align: justify;\">\u201cCGE reitera el peligro de aproximarse a las redes e infraestructura el\u00e9ctrica y hace un llamado a sus clientes a tomar algunas medidas de seguridad para evitar accidentes, como no acercarse a conductores o cables da\u00f1ados o que est\u00e9n en el suelo, ya que podr\u00edan estar energizados. En caso de emergencia, se solicita tomar contacto con la empresa a trav\u00e9s del n\u00famero de atenci\u00f3n gratuito 800 800 767; la cuenta de Twitter @CGE_Clientes y la p\u00e1gina web www.cge.cl\u201d.<\/p>\n","protected":false},"excerpt":{"rendered":"<p>Interrupci\u00f3n de suministro no afectar\u00e1 a clientes residenciales, sino que a 38 servicios pertenecientes a telecomunicaciones, medios de comunicaci\u00f3n y empresas particulares. CGE, empresa de distribuci\u00f3n el\u00e9ctrica que atiende a m\u00e1s de tres millones de clientes entre las regiones de Arica y Parinacota y la Araucan\u00eda, informa que este viernes<\/p>\n","protected":false},"author":1,"featured_media":3040,"comment_status":"closed","ping_status":"open","sticky":false,"template":"","format":"standard","meta":{"footnotes":""},"categories":[49],"tags":[],"class_list":["post-3039","post","type-post","status-publish","format-standard","has-post-thumbnail","hentry","category-cge-distribucion-s-a"],"_links":{"self":[{"href":"https:\/\/minutaregional.cl\/index.php?rest_route=\/wp\/v2\/posts\/3039","targetHints":{"allow":["GET"]}}],"collection":[{"href":"https:\/\/minutaregional.cl\/index.php?rest_route=\/wp\/v2\/posts"}],"about":[{"href":"https:\/\/minutaregional.cl\/index.php?rest_route=\/wp\/v2\/types\/post"}],"author":[{"embeddable":true,"href":"https:\/\/minutaregional.cl\/index.php?rest_route=\/wp\/v2\/users\/1"}],"replies":[{"embeddable":true,"href":"https:\/\/minutaregional.cl\/index.php?rest_route=%2Fwp%2Fv2%2Fcomments&post=3039"}],"version-history":[{"count":2,"href":"https:\/\/minutaregional.cl\/index.php?rest_route=\/wp\/v2\/posts\/3039\/revisions"}],"predecessor-version":[{"id":3042,"href":"https:\/\/minutaregional.cl\/index.php?rest_route=\/wp\/v2\/posts\/3039\/revisions\/3042"}],"wp:featuredmedia":[{"embeddable":true,"href":"https:\/\/minutaregional.cl\/index.php?rest_route=\/wp\/v2\/media\/3040"}],"wp:attachment":[{"href":"https:\/\/minutaregional.cl\/index.php?rest_route=%2Fwp%2Fv2%2Fmedia&parent=3039"}],"wp:term":[{"taxonomy":"category","embeddable":true,"href":"https:\/\/minutaregional.cl\/index.php?rest_route=%2Fwp%2Fv2%2Fcategories&post=3039"},{"taxonomy":"post_tag","embeddable":true,"href":"https:\/\/minutaregional.cl\/index.php?rest_route=%2Fwp%2Fv2%2Ftags&post=3039"}],"curies":[{"name":"wp","href":"https:\/\/api.w.org\/{rel}","templated":true}]}}