{"id":3026,"date":"2023-02-09T19:33:42","date_gmt":"2023-02-09T19:33:42","guid":{"rendered":"https:\/\/minutaregional.cl\/?p=3026"},"modified":"2023-02-09T19:33:42","modified_gmt":"2023-02-09T19:33:42","slug":"pdi-realiza-diligencias-para-evaluar-si-hay-dano-ambiental-por-ingreso-de-vehiculos-a-la-playa","status":"publish","type":"post","link":"https:\/\/minutaregional.cl\/?p=3026","title":{"rendered":"PDI REALIZA DILIGENCIAS PARA EVALUAR SI HAY DA\u00d1O AMBIENTAL POR INGRESO DE VEH\u00cdCULOS A LA PLAYA"},"content":{"rendered":"<p style=\"text-align: justify;\">Detectives de la Brigada de Investigaci\u00f3n Criminal La Serena iniciaron las indagatorias con la fiscal\u00eda, tras la difusi\u00f3n de un video en redes sociales, que registr\u00f3 una camioneta circulando cerca de un humedal.<\/p>\n<p style=\"text-align: justify;\">Indignaci\u00f3n caus\u00f3 entre los cibernautas y la comunidad, la viralizaci\u00f3n de un video en redes sociales que mostraba como una camioneta particular circulaba en la arena, en una zona donde nidifican aves migratorias por su cercan\u00eda con el humedal urbano que se ubica en el sector Faro Norte de La Serena.<\/p>\n<p style=\"text-align: justify;\">El registro que se difundi\u00f3 p\u00fablicamente, se convirti\u00f3 en evidencia de la presunta destrucci\u00f3n de nidos y h\u00e1bitat de las aves, para el an\u00e1lisis de la PDI que se hace cargo de la investigaci\u00f3n, tras la instrucci\u00f3n del Ministerio P\u00fablico.<\/p>\n<p style=\"text-align: justify;\"><strong>\u201cDetectives de esta unidad, desarrollan las primeras diligencias en coordinaci\u00f3n con la fiscal\u00eda local de La Serena. El trabajo cient\u00edfico t\u00e9cnico en el sitio del suceso, empadronamientos, levantamiento de c\u00e1maras de seguridad, son parte de las t\u00e9cnicas investigativas para reunir las evidencias para la labor de an\u00e1lisis criminal que nos permitir\u00e1 determinar o descartar si existe da\u00f1o ambiental\u201d,<\/strong> se\u00f1al\u00f3 el subprefecto Francisco Cornejo, de la Brigada de Investigaci\u00f3n Criminal La Serena.<\/p>\n<p style=\"text-align: justify;\">Junto a peritos planim\u00e9tricos y fotogr\u00e1ficos, los detectives realizaron la concurrencia al sector del Faro Norte de la capital regional, con el fin de establecer fehacientemente el sitio del suceso, que aparece en el video que se viraliz\u00f3 y que se ubica en el litoral, que colinda con el humedal urbano y cerca de edificios con acceso peatonal a la playa.<\/p>\n<p style=\"text-align: justify;\">Adem\u00e1s de las primeras diligencias realizadas por los detectives de la Brigada de Investigaci\u00f3n Criminal La Serena, se desarrollar\u00e1n nuevas acciones y diligencias necesarias para establecer si existi\u00f3 da\u00f1o ambiental, en una zona donde se aprecian ejemplares de aves migratorias nidificando, por lo que tambi\u00e9n se evaluar\u00e1 la presencia de especialistas de la Brigada Investigadora de Delitos Contra la Salud P\u00fablica, Medio Ambiente y Patrimonio Cultural de la PDI.<\/p>\n","protected":false},"excerpt":{"rendered":"<p>Detectives de la Brigada de Investigaci\u00f3n Criminal La Serena iniciaron las indagatorias con la fiscal\u00eda, tras la difusi\u00f3n de un video en redes sociales, que registr\u00f3 una camioneta circulando cerca de un humedal. Indignaci\u00f3n caus\u00f3 entre los cibernautas y la comunidad, la viralizaci\u00f3n de un video en redes sociales que<\/p>\n","protected":false},"author":1,"featured_media":3027,"comment_status":"closed","ping_status":"open","sticky":false,"template":"","format":"standard","meta":{"footnotes":""},"categories":[14],"tags":[],"class_list":["post-3026","post","type-post","status-publish","format-standard","has-post-thumbnail","hentry","category-pdi"],"_links":{"self":[{"href":"https:\/\/minutaregional.cl\/index.php?rest_route=\/wp\/v2\/posts\/3026","targetHints":{"allow":["GET"]}}],"collection":[{"href":"https:\/\/minutaregional.cl\/index.php?rest_route=\/wp\/v2\/posts"}],"about":[{"href":"https:\/\/minutaregional.cl\/index.php?rest_route=\/wp\/v2\/types\/post"}],"author":[{"embeddable":true,"href":"https:\/\/minutaregional.cl\/index.php?rest_route=\/wp\/v2\/users\/1"}],"replies":[{"embeddable":true,"href":"https:\/\/minutaregional.cl\/index.php?rest_route=%2Fwp%2Fv2%2Fcomments&post=3026"}],"version-history":[{"count":1,"href":"https:\/\/minutaregional.cl\/index.php?rest_route=\/wp\/v2\/posts\/3026\/revisions"}],"predecessor-version":[{"id":3028,"href":"https:\/\/minutaregional.cl\/index.php?rest_route=\/wp\/v2\/posts\/3026\/revisions\/3028"}],"wp:featuredmedia":[{"embeddable":true,"href":"https:\/\/minutaregional.cl\/index.php?rest_route=\/wp\/v2\/media\/3027"}],"wp:attachment":[{"href":"https:\/\/minutaregional.cl\/index.php?rest_route=%2Fwp%2Fv2%2Fmedia&parent=3026"}],"wp:term":[{"taxonomy":"category","embeddable":true,"href":"https:\/\/minutaregional.cl\/index.php?rest_route=%2Fwp%2Fv2%2Fcategories&post=3026"},{"taxonomy":"post_tag","embeddable":true,"href":"https:\/\/minutaregional.cl\/index.php?rest_route=%2Fwp%2Fv2%2Ftags&post=3026"}],"curies":[{"name":"wp","href":"https:\/\/api.w.org\/{rel}","templated":true}]}}