{"id":3022,"date":"2023-02-08T21:40:21","date_gmt":"2023-02-08T21:40:21","guid":{"rendered":"https:\/\/minutaregional.cl\/?p=3022"},"modified":"2023-02-08T21:40:21","modified_gmt":"2023-02-08T21:40:21","slug":"region-de-coquimbo-experimenta-baja-de-la-violencia-en-el-pololeo-pero-gobierno-refuerza-llamado-a-erradicarla","status":"publish","type":"post","link":"https:\/\/minutaregional.cl\/?p=3022","title":{"rendered":"Regi\u00f3n de Coquimbo experimenta baja de la violencia en el pololeo pero Gobierno refuerza llamado a erradicarla"},"content":{"rendered":"<ul>\n<li><strong><em>De acuerdo a la D\u00e9cima Encuesta Nacional de las Juventudes del \u201c2022\u201d, nuestra zona reporta que un 16% de los encuestados reconoce haber sufrido alg\u00fan tipo de violencia, seis puntos menos que el a\u00f1o 2018. \u201cIgual es preocupante ver que los j\u00f3venes piensan que la mujer hizo algo para merecer violencia dentro del pololeo\u201d, manifest\u00f3 la Seremi de la Mujer y Equidad de G\u00e9nero, Mar\u00eda Fernanda Glaser.<\/em><\/strong><\/li>\n<\/ul>\n<p><strong>\u00a0<\/strong>Desde hace dos a\u00f1os que nuestro pa\u00eds conmemora el D\u00eda Nacional Contra la Violencia en el Pololeo. Una jornada que recuerda a Antonia Garros, quien el 2017 se quit\u00f3 la vida luego de vivir dos a\u00f1os de violencia en su relaci\u00f3n.<\/p>\n<p>Y es que la violencia no es ni ser\u00e1 nunca un mecanismo v\u00e1lido para la resoluci\u00f3n de conflictos entre las personas. Ese es el mensaje del Gobierno tras realizar una feria preventiva en el centro de La Serena para sensibilizar y contribuir a su erradicaci\u00f3n.<\/p>\n<p><strong>\u201cSomos un Gobierno Feminista y esta conmemoraci\u00f3n es relevante porque nos hemos propuesto transversalizar la perspectiva de g\u00e9nero y eso requiere una sensibilizaci\u00f3n a la sociedad en su conjunto. Hemos podido ver con la comunidad que muchas situaciones est\u00e1n normalizadas y eso es preocupante, sobre todo, cuando vemos acoso o mal trato en el pololeo. Son pautas que tenemos que erradicar\u201d<\/strong>, se\u00f1al\u00f3 Galo Luna, Delegado Presidencial Regional (s).<\/p>\n<p>La conmemoraci\u00f3n de este d\u00eda busca deslegitimar todo acto de violencia en las relacionas afectivas y promover la reflexi\u00f3n para tomar conciencia respecto de este problema. M\u00e1s a\u00fan cuando la D\u00e9cima Encuesta Nacional de las Juventudes, elaborada por el Instituto Nacional de la Juventud INJUV el a\u00f1o \u201c2022\u201d, arroj\u00f3 que, a nivel nacional, el 17,6% de las y los j\u00f3venes encuestados declararon haber sufrido alg\u00fan tipo de violencia en su relaci\u00f3n de pareja, 2 puntos m\u00e1s que el 2018.<\/p>\n","protected":false},"excerpt":{"rendered":"<p>De acuerdo a la D\u00e9cima Encuesta Nacional de las Juventudes del \u201c2022\u201d, nuestra zona reporta que un 16% de los encuestados reconoce haber sufrido alg\u00fan tipo de violencia, seis puntos menos que el a\u00f1o 2018. \u201cIgual es preocupante ver que los j\u00f3venes piensan que la mujer hizo algo para merecer<\/p>\n","protected":false},"author":1,"featured_media":3023,"comment_status":"open","ping_status":"open","sticky":false,"template":"","format":"standard","meta":{"footnotes":""},"categories":[21,1],"tags":[],"class_list":["post-3022","post","type-post","status-publish","format-standard","has-post-thumbnail","hentry","category-municipalidades","category-noticias-regionales"],"_links":{"self":[{"href":"https:\/\/minutaregional.cl\/index.php?rest_route=\/wp\/v2\/posts\/3022","targetHints":{"allow":["GET"]}}],"collection":[{"href":"https:\/\/minutaregional.cl\/index.php?rest_route=\/wp\/v2\/posts"}],"about":[{"href":"https:\/\/minutaregional.cl\/index.php?rest_route=\/wp\/v2\/types\/post"}],"author":[{"embeddable":true,"href":"https:\/\/minutaregional.cl\/index.php?rest_route=\/wp\/v2\/users\/1"}],"replies":[{"embeddable":true,"href":"https:\/\/minutaregional.cl\/index.php?rest_route=%2Fwp%2Fv2%2Fcomments&post=3022"}],"version-history":[{"count":1,"href":"https:\/\/minutaregional.cl\/index.php?rest_route=\/wp\/v2\/posts\/3022\/revisions"}],"predecessor-version":[{"id":3024,"href":"https:\/\/minutaregional.cl\/index.php?rest_route=\/wp\/v2\/posts\/3022\/revisions\/3024"}],"wp:featuredmedia":[{"embeddable":true,"href":"https:\/\/minutaregional.cl\/index.php?rest_route=\/wp\/v2\/media\/3023"}],"wp:attachment":[{"href":"https:\/\/minutaregional.cl\/index.php?rest_route=%2Fwp%2Fv2%2Fmedia&parent=3022"}],"wp:term":[{"taxonomy":"category","embeddable":true,"href":"https:\/\/minutaregional.cl\/index.php?rest_route=%2Fwp%2Fv2%2Fcategories&post=3022"},{"taxonomy":"post_tag","embeddable":true,"href":"https:\/\/minutaregional.cl\/index.php?rest_route=%2Fwp%2Fv2%2Ftags&post=3022"}],"curies":[{"name":"wp","href":"https:\/\/api.w.org\/{rel}","templated":true}]}}