{"id":3016,"date":"2023-02-08T21:03:43","date_gmt":"2023-02-08T21:03:43","guid":{"rendered":"https:\/\/minutaregional.cl\/?p=3016"},"modified":"2023-02-08T21:03:43","modified_gmt":"2023-02-08T21:03:43","slug":"con-mas-de-10-mil-personas-culmina-exitosamente-la-2-version-de-la-expo-cervezas-del-limari","status":"publish","type":"post","link":"https:\/\/minutaregional.cl\/?p=3016","title":{"rendered":"Con m\u00e1s de 10 mil personas culmina exitosamente la 2\u00b0 versi\u00f3n de la Expo Cervezas del Limar\u00ed"},"content":{"rendered":"<ul>\n<li style=\"text-align: justify;\"><strong><em>Durante las dos jornadas, un gran n\u00famero de personas llegaron al Parque Los Pe\u00f1ones para disfrutar de m\u00fasica en vivo, cervezas, gastronom\u00eda, emprendedores y juegos inflables. <\/em><\/strong><\/li>\n<\/ul>\n<p style=\"text-align: justify;\">Todo un \u00e9xito result\u00f3 la 2\u00b0 edici\u00f3n de la \u201cExpo Cervezas Artesanales del Limar\u00ed\u201d, desarrollada durante este fin de semana en el Parque Los Pe\u00f1ones. El evento organizado por la Ilustre Municipalidad de Ovalle, a trav\u00e9s del Departamento de Fomento Productivo y Turismo, reuni\u00f3 a los artistas locales, junto al sector comercial, otorgando gratuitamente un espacio de recreaci\u00f3n para ovallinos y visitantes.<\/p>\n<p style=\"text-align: justify;\">Las jornadas mezclaron la participaci\u00f3n de cervezas elaboradas en la comuna y la provincia, m\u00fasica en vivo a cargo de artistas locales y la banda nacional \u201cSinergia\u201d, una amplia oferta de gastronom\u00eda, comerciantes, zonas infantiles y talleres de medio ambiente.<\/p>\n<p style=\"text-align: justify;\">Seg\u00fan el informe de seguridad, m\u00e1s de 10 mil personas fueron las que llegaron a disfrutar de la actividad veraniega, durante los dos d\u00edas, destacando la alta presencia de ni\u00f1os y adultos, demostrando que se trat\u00f3 de una verdadera fiesta familiar.<\/p>\n<p style=\"text-align: justify;\">Cabe se\u00f1alar que la \u201cExpo Cervezas del Limar\u00ed\u201d, tiene por objetivo difundir e impulsar la producci\u00f3n de este producto en base a cebada que durante el \u00faltimo tiempo ha crecido exponencialmente en el territorio.<\/p>\n<p style=\"text-align: justify;\">\u201cSabemos que en los \u00faltimos a\u00f1os ha existido un crecimiento importante de producci\u00f3n de cerveza artesanal, lo que nos lleva como municipalidad a generar instancias de promoci\u00f3n de este rubro. As\u00ed nace la idea de realizar esta expo cervezas, donde adem\u00e1s se hacen part\u00edcipes bandas locales, emprendedores y comerciantes, para brindar una linda celebraci\u00f3n para toda la familia\u201d, coment\u00f3 el alcalde Jonathan Acu\u00f1a.<\/p>\n<p style=\"text-align: justify;\">En la segunda versi\u00f3n de este evento participaron las cervezas Atrapaniebla, G\u00fcrken, Lisambarth, Malgenio, Cruz del Sur, Fray Jorge, Ovalle. Antakari y Alto Las Estrellas.<\/p>\n<p style=\"text-align: justify;\">El representante de Cerveza Ovalle, Patricio Robles, enfatiz\u00f3 que \u201cestamos muy felices que junto a la Municipalidad podamos realizar este evento de primer nivel, el que esperamos posicionar a lo largo de los a\u00f1os como uno de los eventos veraniegos m\u00e1s destacados de la provincia, la producci\u00f3n de cerveza artesanal est\u00e1 en auge y nos pone contentos que se pueda reconocer. Agradecemos todo el trabajo que se ha desarrollado para esta segunda edici\u00f3n\u201d.<\/p>\n<p style=\"text-align: justify;\">Desde el departamento de Fomento Productivo y Turismo, Eric Castro, detall\u00f3 que \u201chemos organizado este evento que tiene por finalidad mostrar que en nuestra comuna y alrededores se est\u00e1n elaborando muy buenas cervezas artesanales\u201d.<\/p>\n<p style=\"text-align: justify;\"><strong>LA M\u00daSICA EN VIVO<\/strong><\/p>\n<p style=\"text-align: justify;\">El evento cont\u00f3 con la participaci\u00f3n de 130 artistas, donde m\u00e1s del 80% de ellos son locales, ofreciendo un verdadero festival de diferentes estilos musicales. \u00a0En el escenario principal se presentaron R\u00edo de Tambores, D-43, Lady SonSon, Hesper, Sexto Sol, Sukha, La Changa, Caleta e\u00b4 Cumbia, Jopnes &amp; Dj DGK, Quinto Mono, Negra Paz, Flamantes y Los Condenados.<\/p>\n<p style=\"text-align: justify;\">El cierre de la fiesta estuvo a cargo de la banda nacional \u201cSinergia\u201d, quien cumple 30 a\u00f1os de carrera. Su vocalista \u201cDon Roro\u201d, se mostr\u00f3 muy feliz de poder estar presente en la ciudad. \u201cHace muchos a\u00f1os que no ven\u00edamos a Ovalle. Agradecemos todas las gestiones que hizo la Municipalidad para poder venir, estamos muy contentos por el tremendo cari\u00f1o de la gente, especialmente de los fan\u00e1ticos de la banda\u201d, coment\u00f3.<\/p>\n<p style=\"text-align: justify;\"><strong>\u201cLA FIESTA DEL VERANO\u201d<\/strong><\/p>\n<p style=\"text-align: justify;\">Tambi\u00e9n durante el fin de semana se desarroll\u00f3 la \u201cFiesta del Verano en la Caleta R\u00edo Limar\u00ed\u201d, evento que se desarroll\u00f3 el s\u00e1bado en el sector costero de nuestra comuna.<\/p>\n<p style=\"text-align: justify;\">La festividad, organizada por la Municipalidad en conjunto con los vecinos de la Caleta R\u00edo Limar\u00ed (Caleta El Toro) cont\u00f3 con la participaci\u00f3n de diversas muestras folcl\u00f3ricas, gastronom\u00eda, presentaciones art\u00edsticas y actividades deportivas.<\/p>\n<p style=\"text-align: justify;\">En la festividad participaron un gran n\u00famero de asistentes, provenientes de distintos sectores de la comuna, sobre todo de los sectores aleda\u00f1os. El t\u00e9rmino de la jornada estuvo a cargo de \u201cKarime\u201d y \u201cKoky y su Banda Tropikal\u201d.<\/p>\n<p style=\"text-align: justify;\">\n","protected":false},"excerpt":{"rendered":"<p>Durante las dos jornadas, un gran n\u00famero de personas llegaron al Parque Los Pe\u00f1ones para disfrutar de m\u00fasica en vivo, cervezas, gastronom\u00eda, emprendedores y juegos inflables. Todo un \u00e9xito result\u00f3 la 2\u00b0 edici\u00f3n de la \u201cExpo Cervezas Artesanales del Limar\u00ed\u201d, desarrollada durante este fin de semana en el Parque Los<\/p>\n","protected":false},"author":1,"featured_media":3017,"comment_status":"closed","ping_status":"open","sticky":false,"template":"","format":"standard","meta":{"footnotes":""},"categories":[1],"tags":[],"class_list":["post-3016","post","type-post","status-publish","format-standard","has-post-thumbnail","hentry","category-noticias-regionales"],"_links":{"self":[{"href":"https:\/\/minutaregional.cl\/index.php?rest_route=\/wp\/v2\/posts\/3016","targetHints":{"allow":["GET"]}}],"collection":[{"href":"https:\/\/minutaregional.cl\/index.php?rest_route=\/wp\/v2\/posts"}],"about":[{"href":"https:\/\/minutaregional.cl\/index.php?rest_route=\/wp\/v2\/types\/post"}],"author":[{"embeddable":true,"href":"https:\/\/minutaregional.cl\/index.php?rest_route=\/wp\/v2\/users\/1"}],"replies":[{"embeddable":true,"href":"https:\/\/minutaregional.cl\/index.php?rest_route=%2Fwp%2Fv2%2Fcomments&post=3016"}],"version-history":[{"count":1,"href":"https:\/\/minutaregional.cl\/index.php?rest_route=\/wp\/v2\/posts\/3016\/revisions"}],"predecessor-version":[{"id":3018,"href":"https:\/\/minutaregional.cl\/index.php?rest_route=\/wp\/v2\/posts\/3016\/revisions\/3018"}],"wp:featuredmedia":[{"embeddable":true,"href":"https:\/\/minutaregional.cl\/index.php?rest_route=\/wp\/v2\/media\/3017"}],"wp:attachment":[{"href":"https:\/\/minutaregional.cl\/index.php?rest_route=%2Fwp%2Fv2%2Fmedia&parent=3016"}],"wp:term":[{"taxonomy":"category","embeddable":true,"href":"https:\/\/minutaregional.cl\/index.php?rest_route=%2Fwp%2Fv2%2Fcategories&post=3016"},{"taxonomy":"post_tag","embeddable":true,"href":"https:\/\/minutaregional.cl\/index.php?rest_route=%2Fwp%2Fv2%2Ftags&post=3016"}],"curies":[{"name":"wp","href":"https:\/\/api.w.org\/{rel}","templated":true}]}}