{"id":3013,"date":"2023-02-07T20:58:56","date_gmt":"2023-02-07T20:58:56","guid":{"rendered":"https:\/\/minutaregional.cl\/?p=3013"},"modified":"2023-02-07T20:58:56","modified_gmt":"2023-02-07T20:58:56","slug":"pdi-detiene-a-miembro-de-una-banda-delictual-dedicada-a-robos-tipo-alunizaje-en-la-serena","status":"publish","type":"post","link":"https:\/\/minutaregional.cl\/?p=3013","title":{"rendered":"PDI DETIENE A MIEMBRO DE UNA BANDA DELICTUAL DEDICADA A ROBOS TIPO ALUNIZAJE EN LA SERENA"},"content":{"rendered":"<ul>\n<li><strong>Detectives de la Brigada Investigadora de Robos La Serena establecieron la participaci\u00f3n del imputado en el alunizaje que afect\u00f3 un Strip Center de la comuna, entre otros delitos.<\/strong><\/li>\n<\/ul>\n<p style=\"text-align: justify;\">De madrugada, el pasado 14 de diciembre, una banda criminal en un veh\u00edculo lleg\u00f3 hasta el Strip Center ubicado cerca de la intersecci\u00f3n de las calles Gabriel Gonz\u00e1lez Videla con Cuatro Esquinas, para fracturar la puerta de vidrio de dos locales comerciales, sustraer diversas especies con un valor comercial de $1.500.000.<\/p>\n<p style=\"text-align: justify;\">Pas\u00f3 poco m\u00e1s de una semana y en el sector del Paradero 11 de La Serena, aprovecharon que el inmueble se encontraba sin moradores en su interior, para escalar la reja y romper la puerta, sustrayendo especies avaluadas en m\u00e1s de $800.000.<\/p>\n<p style=\"text-align: justify;\"><strong>\u201cEfectuamos la investigaci\u00f3n en coordinaci\u00f3n con la Fiscal\u00eda y vinculamos el veh\u00edculo SUV y al imputado del hecho, estableciendo que el sujeto habr\u00eda participado en ambos delitos, por lo que solicitamos la respectivas \u00f3rdenes judiciales\u201d <\/strong>indic\u00f3 el Subprefecto Luis Millar, jefe (S) de la Brigada Investigadora de Robos La Serena.<\/p>\n<p style=\"text-align: justify;\">Hasta el sector de La Compa\u00f1\u00eda Baja, detectives especializados en la investigaci\u00f3n de delitos de robo, llegaron para materializar la orden de entrada y registro a la casa del imputado, deteniendo al autor principal de ambos delitos, incautando el veh\u00edculo que la banda utiliz\u00f3 para cometer los delitos.<\/p>\n<p style=\"text-align: justify;\">Tras el trabajo en el sitio del suceso, y las pericias realizadas al autom\u00f3vil, los detectives establecieron que el veh\u00edculo presentaba impactos por proyectil bal\u00edstico. Con las evidencias, se efectu\u00f3 la labor de an\u00e1lisis criminal, y establecieron que el autom\u00f3vil tambi\u00e9n habr\u00eda sido utilizado en un incidente que finaliz\u00f3 con el crimen de un hombre, en la comuna puerto en enero.<\/p>\n<p style=\"text-align: justify;\">Adem\u00e1s de las especies incautadas, <strong><em>\u201clos oficiales investigadores encontraron al interior del domicilio un arma a fogueo, que hab\u00eda sido modificada y que se encuentra apta para disparo<\/em><\/strong>\u201d, enfatiz\u00f3 el subprefecto Millar.<\/p>\n<p style=\"text-align: justify;\">El detenido de 29 a\u00f1os, fue puesto a disposici\u00f3n del Tribunal para su respectivo control de detenci\u00f3n, donde decretaron su prisi\u00f3n preventiva por un plazo de 120 d\u00edas. Por ahora contin\u00faan las diligencias para ubicar al resto de la banda criminal.<\/p>\n","protected":false},"excerpt":{"rendered":"<p>Detectives de la Brigada Investigadora de Robos La Serena establecieron la participaci\u00f3n del imputado en el alunizaje que afect\u00f3 un Strip Center de la comuna, entre otros delitos. De madrugada, el pasado 14 de diciembre, una banda criminal en un veh\u00edculo lleg\u00f3 hasta el Strip Center ubicado cerca de la<\/p>\n","protected":false},"author":1,"featured_media":3014,"comment_status":"closed","ping_status":"open","sticky":false,"template":"","format":"standard","meta":{"footnotes":""},"categories":[1,14],"tags":[],"class_list":["post-3013","post","type-post","status-publish","format-standard","has-post-thumbnail","hentry","category-noticias-regionales","category-pdi"],"_links":{"self":[{"href":"https:\/\/minutaregional.cl\/index.php?rest_route=\/wp\/v2\/posts\/3013","targetHints":{"allow":["GET"]}}],"collection":[{"href":"https:\/\/minutaregional.cl\/index.php?rest_route=\/wp\/v2\/posts"}],"about":[{"href":"https:\/\/minutaregional.cl\/index.php?rest_route=\/wp\/v2\/types\/post"}],"author":[{"embeddable":true,"href":"https:\/\/minutaregional.cl\/index.php?rest_route=\/wp\/v2\/users\/1"}],"replies":[{"embeddable":true,"href":"https:\/\/minutaregional.cl\/index.php?rest_route=%2Fwp%2Fv2%2Fcomments&post=3013"}],"version-history":[{"count":1,"href":"https:\/\/minutaregional.cl\/index.php?rest_route=\/wp\/v2\/posts\/3013\/revisions"}],"predecessor-version":[{"id":3015,"href":"https:\/\/minutaregional.cl\/index.php?rest_route=\/wp\/v2\/posts\/3013\/revisions\/3015"}],"wp:featuredmedia":[{"embeddable":true,"href":"https:\/\/minutaregional.cl\/index.php?rest_route=\/wp\/v2\/media\/3014"}],"wp:attachment":[{"href":"https:\/\/minutaregional.cl\/index.php?rest_route=%2Fwp%2Fv2%2Fmedia&parent=3013"}],"wp:term":[{"taxonomy":"category","embeddable":true,"href":"https:\/\/minutaregional.cl\/index.php?rest_route=%2Fwp%2Fv2%2Fcategories&post=3013"},{"taxonomy":"post_tag","embeddable":true,"href":"https:\/\/minutaregional.cl\/index.php?rest_route=%2Fwp%2Fv2%2Ftags&post=3013"}],"curies":[{"name":"wp","href":"https:\/\/api.w.org\/{rel}","templated":true}]}}