{"id":3006,"date":"2023-02-02T16:54:25","date_gmt":"2023-02-02T16:54:25","guid":{"rendered":"https:\/\/minutaregional.cl\/?p=3006"},"modified":"2023-02-02T16:54:25","modified_gmt":"2023-02-02T16:54:25","slug":"en-guanaqueros-se-vivio-la-gran-fiesta-del-volleybol-playa","status":"publish","type":"post","link":"https:\/\/minutaregional.cl\/?p=3006","title":{"rendered":"En Guanaqueros se vivi\u00f3 la gran fiesta del  Volleybol Playa"},"content":{"rendered":"<p style=\"text-align: justify;\">Tradici\u00f3n deportiva en el balneario coquimbano: Miles de asistentes presenciaron la participaci\u00f3n de m\u00e1s de 200 deportistas y 100 duplas el pasado fin de semana.<\/p>\n<p style=\"text-align: justify;\">Un gran evento deportivo tuvo lugar los d\u00edas 27, 28 y 29 de enero en el \u201cCamping Guanaqueros\u201d. El campeonato de Voleibol AM, por octava vez consecutiva, se realiz\u00f3 en las hermosas playas del balneario coquimbano, con la participaci\u00f3n de 102 duplas y m\u00e1s de 200 deportistas de esta disciplina.<\/p>\n<p style=\"text-align: justify;\">Estuvieron acompa\u00f1ados de miles de personas, entre turistas y amantes del volley, quienes asistieron de manera gratuita a presenciar la actividad, que posiciona a Guanaqueros como sede de un deporte estrella en la \u00e9poca veraniega.<\/p>\n<p style=\"text-align: justify;\">En las distintas categor\u00edas de la competencia participaron destacados y destacadas duplas como Gustavo Pollier y Germ\u00e1n Mena, Diego Aranda e Ignacio C\u00e1ceres -quienes lograron el primer lugar varones TC-, Daniela Bravo y Natalia Depassier -primer lugar en Damas TC-, Rossana Abusleme y Francisca Lobos, .tercer lugar Damas TC-, entre otros.<\/p>\n<p style=\"text-align: justify;\">\u201cCon este tipo de actividades, Guanaqueros se potencia como la capital de un deporte con muchos seguidores, que atrae a miles de turistas al balneario y a la Regi\u00f3n de Coquimbo, lo que beneficia a las peque\u00f1as y microempresas tur\u00edsticas que entregan sus productos y servicios. La idea es seguir apoyando este tipo de actividades que impulsan el turismo local\u201d, sostuvo Paz Lecea, gerente del proyecto asociativo <a href=\"https:\/\/visitaguanaqueros.cl\">\u201cVisita Guanaqueros\u201d<\/a> iniciativa apoyada por CORFO, que tiene como fin posicionar este destino tur\u00edstico, a nivel nacional e internacional.<\/p>\n<p style=\"text-align: justify;\"><strong>Tradici\u00f3n deportiva de Guanaqueros<\/strong><\/p>\n<p style=\"text-align: justify;\">German Mena, productor del evento se\u00f1al\u00f3 que es muy satisfactorio volver a realizar eventos deportivos de tradici\u00f3n de Guanaqueros, tras la suspensi\u00f3n obligada que se vivi\u00f3 durante dos a\u00f1os debido a la pandemia.<\/p>\n<p style=\"text-align: justify;\">\u201cCon la participaci\u00f3n de 102 duplas y 200 deportistas, hemos disfrutado del cari\u00f1o de la gente, de la rica gastronom\u00eda y las hermosas playas de Guanaqueros. Importantes jugadores nacionales compitieron en las mejores condiciones y brindamos un gran espect\u00e1culo deportivo, porque este campeonato se ha transformado en la actividad \u00edcono del Volleyball Playa, uno de los m\u00e1s grandes de Chile\u201d, acot\u00f3.<\/p>\n<p>&nbsp;<\/p>\n","protected":false},"excerpt":{"rendered":"<p>Tradici\u00f3n deportiva en el balneario coquimbano: Miles de asistentes presenciaron la participaci\u00f3n de m\u00e1s de 200 deportistas y 100 duplas el pasado fin de semana. Un gran evento deportivo tuvo lugar los d\u00edas 27, 28 y 29 de enero en el \u201cCamping Guanaqueros\u201d. El campeonato de Voleibol AM, por octava<\/p>\n","protected":false},"author":1,"featured_media":3007,"comment_status":"closed","ping_status":"open","sticky":false,"template":"","format":"standard","meta":{"footnotes":""},"categories":[20,1],"tags":[],"class_list":["post-3006","post","type-post","status-publish","format-standard","has-post-thumbnail","hentry","category-corfo","category-noticias-regionales"],"_links":{"self":[{"href":"https:\/\/minutaregional.cl\/index.php?rest_route=\/wp\/v2\/posts\/3006","targetHints":{"allow":["GET"]}}],"collection":[{"href":"https:\/\/minutaregional.cl\/index.php?rest_route=\/wp\/v2\/posts"}],"about":[{"href":"https:\/\/minutaregional.cl\/index.php?rest_route=\/wp\/v2\/types\/post"}],"author":[{"embeddable":true,"href":"https:\/\/minutaregional.cl\/index.php?rest_route=\/wp\/v2\/users\/1"}],"replies":[{"embeddable":true,"href":"https:\/\/minutaregional.cl\/index.php?rest_route=%2Fwp%2Fv2%2Fcomments&post=3006"}],"version-history":[{"count":1,"href":"https:\/\/minutaregional.cl\/index.php?rest_route=\/wp\/v2\/posts\/3006\/revisions"}],"predecessor-version":[{"id":3008,"href":"https:\/\/minutaregional.cl\/index.php?rest_route=\/wp\/v2\/posts\/3006\/revisions\/3008"}],"wp:featuredmedia":[{"embeddable":true,"href":"https:\/\/minutaregional.cl\/index.php?rest_route=\/wp\/v2\/media\/3007"}],"wp:attachment":[{"href":"https:\/\/minutaregional.cl\/index.php?rest_route=%2Fwp%2Fv2%2Fmedia&parent=3006"}],"wp:term":[{"taxonomy":"category","embeddable":true,"href":"https:\/\/minutaregional.cl\/index.php?rest_route=%2Fwp%2Fv2%2Fcategories&post=3006"},{"taxonomy":"post_tag","embeddable":true,"href":"https:\/\/minutaregional.cl\/index.php?rest_route=%2Fwp%2Fv2%2Ftags&post=3006"}],"curies":[{"name":"wp","href":"https:\/\/api.w.org\/{rel}","templated":true}]}}