{"id":2999,"date":"2023-02-02T14:57:15","date_gmt":"2023-02-02T14:57:15","guid":{"rendered":"https:\/\/minutaregional.cl\/?p=2999"},"modified":"2023-02-02T14:59:45","modified_gmt":"2023-02-02T14:59:45","slug":"diputadatello-presenta-proyecto-de-ley-contra-la-zoofilia","status":"publish","type":"post","link":"https:\/\/minutaregional.cl\/?p=2999","title":{"rendered":"Diputada Tello Presenta Proyecto de Ley Contra la Zoofilia"},"content":{"rendered":"<div style=\"text-align: justify;\">Luego del caso del perro \u00abSirius\u00bb, que conmocion\u00f3 a la regi\u00f3n de Coquimbo, en que drogaron al animal y luego lo violaron en plena v\u00eda p\u00fablica en el sector Nova Hacienda, la diputada Tello se reuni\u00f3 con organizaciones animalistas para analizar estos hechos y presentar un proyecto de Ley que sanciona la zoofilia, hecho que no existe en nuestra legislaci\u00f3n.<\/div>\n<div style=\"text-align: justify;\"><\/div>\n<div style=\"text-align: justify;\">\u00abNos reunimos con Alianza Animal IV regi\u00f3n, para conversar acerca de esta tem\u00e1tica y el tratamiento que le da la ley y sobre los vac\u00edos legales en los que debemos avanzar. En este sentido, acordamos que haremos una solicitud ante la Comisi\u00f3n de Gobierno Interior para que se realice una evaluaci\u00f3n a la ley cholito. Tambi\u00e9n presentaremos un Proyecto que tipifique el delito de zoofilia ya que no existe en Chile\u00bb, sostuvo la pdta de la Comisi\u00f3n de g\u00e9nero de la C\u00e1mara, Carolina Tello.<\/div>\n<div style=\"text-align: justify;\"><\/div>\n<div style=\"text-align: justify;\">La legisladora agreg\u00f3 que \u00abtambi\u00e9n queremos iniciar un trabajo en conjunto con los municipios ya que son ellos los que tienen el registro nacional de animales de compa\u00f1\u00eda y mascotas, debemos saber c\u00f3mo est\u00e1 la situaci\u00f3n\u00bb.<\/div>\n<div style=\"text-align: justify;\"><\/div>\n<div style=\"text-align: justify;\">Yanina Quiroga, voluntaria de la organizaci\u00f3n animalista \u00abHuellitas\u00bb indic\u00f3 que \u00abes impresionante ver el maltrato que existe hacia los animales. Nos ha tocado ver bolsas llenas de animales muertos, mutilaciones, disparos en la cabeza, envenenados, abusados, violados. Esto se produce porque hay poca pol\u00edtica que regule y sancione esta situaci\u00f3n. Las denuncias que se hacen no son tomadas en cuenta. La Varilla por ejemplo en las compa\u00f1\u00edas, se ha transformado en un basural de animales\u00bb.<\/div>\n<div style=\"text-align: justify;\"><\/div>\n<div style=\"text-align: justify;\">Daniela Vargas, otra voluntaria, afirm\u00f3 que \u00abhay un exceso de animales por metro cuadrado y esto conlleva a paup\u00e9rrimas condiciones de salud, desnutrici\u00f3n, sarna, etc. Hay personas de la calle que usan animales para obtener dinero, en mal estado para eso y luego son abandonados, no les interesan los animales. Tambi\u00e9n hay animales amarrados, sin luz, sin agua, de cuidadores en casas abandonadas, es habitual. Esto va m\u00e1s all\u00e1 del control nuestro, porque hay personas que maltratan a estos animales que est\u00e1n en un estado mental deplorable\u00bb.<\/div>\n<div style=\"text-align: justify;\"><\/div>\n<div style=\"text-align: justify;\">La voluntaria a\u00f1adi\u00f3 que \u00abCarabineros muchas veces no toma las denuncias. Est\u00e1 la Ley Cholito, pero no se fiscaliza, necesitamos una pol\u00edtica de Estado. Nos preocupa el hacinamiento, hay mucho animal vago. La esterilizaci\u00f3n no deber\u00eda ser un fondo concursable, debe ser una pol\u00edtica permanente\u00bb.<\/div>\n","protected":false},"excerpt":{"rendered":"<p>Luego del caso del perro \u00abSirius\u00bb, que conmocion\u00f3 a la regi\u00f3n de Coquimbo, en que drogaron al animal y luego lo violaron en plena v\u00eda p\u00fablica en el sector Nova Hacienda, la diputada Tello se reuni\u00f3 con organizaciones animalistas para analizar estos hechos y presentar un proyecto de Ley que<\/p>\n","protected":false},"author":1,"featured_media":3000,"comment_status":"closed","ping_status":"open","sticky":false,"template":"","format":"standard","meta":{"footnotes":""},"categories":[26],"tags":[],"class_list":["post-2999","post","type-post","status-publish","format-standard","has-post-thumbnail","hentry","category-camara-de-diputadas-y-diputados"],"_links":{"self":[{"href":"https:\/\/minutaregional.cl\/index.php?rest_route=\/wp\/v2\/posts\/2999","targetHints":{"allow":["GET"]}}],"collection":[{"href":"https:\/\/minutaregional.cl\/index.php?rest_route=\/wp\/v2\/posts"}],"about":[{"href":"https:\/\/minutaregional.cl\/index.php?rest_route=\/wp\/v2\/types\/post"}],"author":[{"embeddable":true,"href":"https:\/\/minutaregional.cl\/index.php?rest_route=\/wp\/v2\/users\/1"}],"replies":[{"embeddable":true,"href":"https:\/\/minutaregional.cl\/index.php?rest_route=%2Fwp%2Fv2%2Fcomments&post=2999"}],"version-history":[{"count":2,"href":"https:\/\/minutaregional.cl\/index.php?rest_route=\/wp\/v2\/posts\/2999\/revisions"}],"predecessor-version":[{"id":3002,"href":"https:\/\/minutaregional.cl\/index.php?rest_route=\/wp\/v2\/posts\/2999\/revisions\/3002"}],"wp:featuredmedia":[{"embeddable":true,"href":"https:\/\/minutaregional.cl\/index.php?rest_route=\/wp\/v2\/media\/3000"}],"wp:attachment":[{"href":"https:\/\/minutaregional.cl\/index.php?rest_route=%2Fwp%2Fv2%2Fmedia&parent=2999"}],"wp:term":[{"taxonomy":"category","embeddable":true,"href":"https:\/\/minutaregional.cl\/index.php?rest_route=%2Fwp%2Fv2%2Fcategories&post=2999"},{"taxonomy":"post_tag","embeddable":true,"href":"https:\/\/minutaregional.cl\/index.php?rest_route=%2Fwp%2Fv2%2Ftags&post=2999"}],"curies":[{"name":"wp","href":"https:\/\/api.w.org\/{rel}","templated":true}]}}