{"id":2968,"date":"2023-02-01T22:49:17","date_gmt":"2023-02-01T22:49:17","guid":{"rendered":"https:\/\/minutaregional.cl\/?p=2968"},"modified":"2023-02-01T22:49:17","modified_gmt":"2023-02-01T22:49:17","slug":"verano-es-cultura-julieta-brodsky-hernandez-ministra-de-las-culturas-las-artes-y-el-patrimonio","status":"publish","type":"post","link":"https:\/\/minutaregional.cl\/?p=2968","title":{"rendered":"!Verano es Cultura! Julieta Brodsky Hern\u00e1ndez Ministra de las Culturas, las Artes y el Patrimonio"},"content":{"rendered":"<p style=\"text-align: justify;\">Hace un tiempo en Chile se ha instaurado la buena costumbre de asociar la \u00e9poca estival con la participaci\u00f3n en actividades culturales. Por eso, antes de iniciar este a\u00f1o, lanzamos Verano es Cultura, una invitaci\u00f3n a participar en m\u00e1s de 500 actividades culturales, art\u00edsticas y patrimoniales a lo largo de todo el pa\u00eds durante enero y febrero. Festivales, ferias, encuentros, jornadas especiales en museos, patios culturales, conciertos, entre otras actividades, son parte de la gran programaci\u00f3n que se encuentra en la cartelera ChileCultura.gob.cl.<\/p>\n<p style=\"text-align: justify;\">Todos los colores y experiencias de esta estaci\u00f3n cobran mayor sentido: la pandemia se ve con m\u00e1s distancia, cuando seguimos avanzando en la reactivaci\u00f3n de un sector que la sinti\u00f3 de manera muy directa y fulminante. Hoy hacemos un puente desde el Gobierno hacia las personas, para demostrar que vemos la cultura como un derecho, como una herramienta en la recuperaci\u00f3n de barrios, espacios p\u00fablicos y territorios.<\/p>\n<p style=\"text-align: justify;\">Por eso, facilitamos el acceso a una programaci\u00f3n amplia y familiar (pensando en todos los tipos de familia de nuestro pa\u00eds); con un especial foco en ni\u00f1as, ni\u00f1os y adolescentes. Porque entendemos la importancia de incentivar la experiencia cultural y art\u00edstica desde la primera infancia, con tal de crear experiencias significativas y h\u00e1bitos en torno a la participaci\u00f3n cultural, y la construcci\u00f3n de una sociedad con personas integrales, creativas y reflexivas.<\/p>\n<p style=\"text-align: justify;\">Verano es cultura y tambi\u00e9n un nuevo paso para la reactivaci\u00f3n, uno de los ejes claves de nuestra gesti\u00f3n durante este periodo. Durante el 2022, junto a lograr la flexibilizaci\u00f3n de aforos, implementamos diferentes medidas para beneficiar a organizaciones gremiales, cooperativas, micro, peque\u00f1as y medianas empresas con un importante rol en comunidades y territorios. Adem\u00e1s, desarrollamos un Plan de Reactivaci\u00f3n Cultural que nos permiti\u00f3 realizar m\u00e1s de 200 actividades en todo Chile, como por ejemplo la III Feria Nacional de Artesan\u00edas y el Festival Rock\u00f3dromo 2022, entre muchas otras.<\/p>\n<p style=\"text-align: justify;\">Sin embargo, sabemos que queda a\u00fan mucho por avanzar. De acuerdo con el Informe Anual de estad\u00edsticas del Ministerio de las Culturas, las Artes y el Patrimonio, en 2021, se registraron solo 2.003 espect\u00e1culos presenciales, un 16% de los consignados previo a la pandemia. Un porcentaje que en el 2022 se recuper\u00f3 moderadamente, pero que en este verano tenemos que revertir y trabajaremos para ello.<\/p>\n<p style=\"text-align: justify;\">Desde el Gobierno creemos que la cultura es una herramienta esencial para el bienestar, con potencial para mejorar la calidad de vida de las personas, recuperar los espacios p\u00fablicos, enfrentar la seguridad, aportar en la cohesi\u00f3n social de las comunidades. El verano renueva las oportunidades desde la cultura, y tambi\u00e9n demuestra nuestro compromiso por instalar las pol\u00edticas culturales cerca de las personas, en el centro de las pol\u00edticas p\u00fablicas y en la estrategia de desarrollo sostenible de Chile.<\/p>\n<p style=\"text-align: justify;\">Los invitamos a tod@s a disfrutar de las actividades porque Verano es Cultura, es tiempo en familia, es espacio para reflexionar y apreciar.<\/p>\n<p style=\"text-align: justify;\">\n","protected":false},"excerpt":{"rendered":"<p>Hace un tiempo en Chile se ha instaurado la buena costumbre de asociar la \u00e9poca estival con la participaci\u00f3n en actividades culturales. Por eso, antes de iniciar este a\u00f1o, lanzamos Verano es Cultura, una invitaci\u00f3n a participar en m\u00e1s de 500 actividades culturales, art\u00edsticas y patrimoniales a lo largo de<\/p>\n","protected":false},"author":1,"featured_media":2996,"comment_status":"closed","ping_status":"open","sticky":false,"template":"","format":"standard","meta":{"footnotes":""},"categories":[1],"tags":[],"class_list":["post-2968","post","type-post","status-publish","format-standard","has-post-thumbnail","hentry","category-noticias-regionales"],"_links":{"self":[{"href":"https:\/\/minutaregional.cl\/index.php?rest_route=\/wp\/v2\/posts\/2968","targetHints":{"allow":["GET"]}}],"collection":[{"href":"https:\/\/minutaregional.cl\/index.php?rest_route=\/wp\/v2\/posts"}],"about":[{"href":"https:\/\/minutaregional.cl\/index.php?rest_route=\/wp\/v2\/types\/post"}],"author":[{"embeddable":true,"href":"https:\/\/minutaregional.cl\/index.php?rest_route=\/wp\/v2\/users\/1"}],"replies":[{"embeddable":true,"href":"https:\/\/minutaregional.cl\/index.php?rest_route=%2Fwp%2Fv2%2Fcomments&post=2968"}],"version-history":[{"count":1,"href":"https:\/\/minutaregional.cl\/index.php?rest_route=\/wp\/v2\/posts\/2968\/revisions"}],"predecessor-version":[{"id":2997,"href":"https:\/\/minutaregional.cl\/index.php?rest_route=\/wp\/v2\/posts\/2968\/revisions\/2997"}],"wp:featuredmedia":[{"embeddable":true,"href":"https:\/\/minutaregional.cl\/index.php?rest_route=\/wp\/v2\/media\/2996"}],"wp:attachment":[{"href":"https:\/\/minutaregional.cl\/index.php?rest_route=%2Fwp%2Fv2%2Fmedia&parent=2968"}],"wp:term":[{"taxonomy":"category","embeddable":true,"href":"https:\/\/minutaregional.cl\/index.php?rest_route=%2Fwp%2Fv2%2Fcategories&post=2968"},{"taxonomy":"post_tag","embeddable":true,"href":"https:\/\/minutaregional.cl\/index.php?rest_route=%2Fwp%2Fv2%2Ftags&post=2968"}],"curies":[{"name":"wp","href":"https:\/\/api.w.org\/{rel}","templated":true}]}}