{"id":2960,"date":"2023-01-28T22:27:28","date_gmt":"2023-01-28T22:27:28","guid":{"rendered":"https:\/\/minutaregional.cl\/?p=2960"},"modified":"2023-01-28T22:27:28","modified_gmt":"2023-01-28T22:27:28","slug":"ex-presidenta-bachelet-acoge-propuesta-de-diputados-ps-y-acepta-liderar-lista-de-unidad","status":"publish","type":"post","link":"https:\/\/minutaregional.cl\/?p=2960","title":{"rendered":"Ex Presidenta Bachelet acoge propuesta de diputados PS y acepta liderar lista de Unidad"},"content":{"rendered":"<p style=\"text-align: justify;\"><strong><em>\u201cTenemos la responsabilidad de promover con convicci\u00f3n la lista \u00fanica. El PS no se puede ir con quienes rompan la unidad. Chile requiere m\u00e1s unidad y menos divisi\u00f3n. Emplazamos al PPD a no romper la unidad\u201d se\u00f1al\u00f3 Daniel Manouchehri.<\/em><\/strong><\/p>\n<p style=\"text-align: justify;\">En medio de la jornada del comit\u00e9 central del Partido Socialista, la ex Presidenta Michelle Bachelet acept\u00f3 la propuesta de diputadas y diputados del PS liderar una \u201clista de unidad\u201d en la elecci\u00f3n de consejeros constituyentes. Esta ma\u00f1ana los diputados Daniel Manouchehri, Daniel Melo, Daniella Cicardini, Ana Mar\u00eda Bravo, Leonardo Soto, Marcos Ilabaca, Nelson Venegas y Juan Santana manifestaron que la propuesta ser\u00eda discutida por el comit\u00e9.<\/p>\n<p style=\"text-align: justify;\">\u201cLa presidenta Michelle Bachelet es un tremendo liderazgo y tiene mucho que poder aportar a Chile en este proceso hist\u00f3rico que se va a iniciar, m\u00e1s a\u00fan, esperamos que ella pueda liderar una lista de unidad de todas las alianzas que buscan el cambio, las fuerzas progresistas de este pa\u00eds\u201d, se\u00f1al\u00f3 Manouchehri.<\/p>\n<p style=\"text-align: justify;\">Al respecto, el diputado afirm\u00f3 que \u201csi el PPD se quiere ir de la unidad, el PS no debe seguirlos. Es lo coherente con el discurso de unidad. Lo inteligente pol\u00edtica y electoralmente es la lista \u00fanica. Seguir al PPD en su af\u00e1n divisionista es cerrarle la puerta a Bachelet para que lidere la elecci\u00f3n de consejeros\u201d<\/p>\n<p style=\"text-align: justify;\">El legislador por la Regi\u00f3n de Coquimbo record\u00f3 la conversaci\u00f3n que tuvo la Bancada PS con la ex mandataria hace unas semanas, donde \u201cle planteamos el hecho que pudiese ser candidata. Dijo que ella siempre va a estar disponible para aportar desde el mejor lugar a Chile. Ha manifestado su disponibilidad para aportar en este proceso y nosotros creemos que ese aporte tiene que ser como candidata porque creemos que es la persona id\u00f3nea para liderar la unidad que se requiere para afrontar este proceso\u201d.<\/p>\n<p style=\"text-align: justify;\">En esa l\u00ednea, la diputada por Atacama, Daniella Cicardini, destac\u00f3 los valores que transmite la ex Presidenta Bachelet de cara al proceso constituyente. \u201cNosotros como fuerzas progresistas, s\u00ed tenemos a &#8216;una que nos una&#8217;, y tiene nombre y apellido; se llama Michelle Bachelet. Una tremenda mujer, ex Presidenta, lideresa internacional, que ha defendido los derechos de la mujer y los derechos humanos en todo el mundo, y que incluso fue visionaria y se adelant\u00f3 al leer muy bien las demandas sociales e incluso inicio un proceso constituyente. Es por eso que creemos y tenemos la plena convicci\u00f3n de que ella puede liderar esta lista \u00fanica, puede dar garant\u00edas de fraternidad, de poder trabajar de manera colectiva\u201d, se\u00f1al\u00f3.<\/p>\n<p style=\"text-align: justify;\">La diputada por la Regi\u00f3n de Los R\u00edos, Ana Mar\u00eda Bravo, destac\u00f3 que Bachelet \u201ctiene una visi\u00f3n no solo de la realidad nacional, sino que, desde una realidad global, de todo lo que est\u00e1 sucediendo en el mundo. Puede liderar esta lista de unidad y tambi\u00e9n colaborar activamente en base a toda esa experiencia, a todo ese conocimiento en construir una nueva Constituci\u00f3n, que no olvidemos va a regir los destinos de nuestro pa\u00eds durante los pr\u00f3ximos 50 a\u00f1os\u201d.<\/p>\n<p style=\"text-align: justify;\">Asimismo, el diputado Daniel Melo llam\u00f3 al mundo progresista a avanzar en unidad, \u201cdel punto de vista electoral, en una lista \u00fanica que convoque a todos los actores de la centro-izquierda de nuestro pa\u00eds. Y esa unidad tambi\u00e9n es sobre la base de un gran acuerdo program\u00e1tico en materia constitucional. Debemos ofrecerle a Chile las ideas del futuro, en c\u00f3mo superamos el estado subsidiario, en c\u00f3mo garantizamos m\u00e1s derechos y libertades para las personas, en definitiva, un nuevo modelo de desarrollo\u201d.<\/p>\n<p style=\"text-align: justify;\">\u201cLa verdad es que cada partido puede tener su diagn\u00f3stico y evaluaci\u00f3n, en el caso de los socialistas creemos todo lo contrario: una lista unitaria implica ponernos de acuerdo, implica converger en ideas de futuro, ese es el llamado que quiere hacer el Partido Socialista, y esperamos que en este comit\u00e9 central todo el esfuerzo est\u00e9 puesto en ese objetivo\u201d, agreg\u00f3.<\/p>\n<p style=\"text-align: justify;\"><strong>\u201cDC y PPD tambi\u00e9n deber\u00edan sumarse a lista \u00fanica\u201d<\/strong><\/p>\n<p style=\"text-align: justify;\">En las \u00faltimas semanas, las y los diputados del PS han se\u00f1alado que \u201clo inteligente electoral y pol\u00edticamente\u201d es que las fuerzas pro-gobierno o de centro-izquierda vayan en una sola lista a las elecciones del Consejo Constitucional.<\/p>\n<p style=\"text-align: justify;\">Consultado sobre la r\u00e9plica de los representantes del Partido Dem\u00f3crata Cristiano y el Partido por la Democracia, quienes apuntan a listas separadas, Daniel Manouchehri indic\u00f3 que \u201ctenemos que dar una se\u00f1al de unidad, los chilenos lo que est\u00e1n pidiendo es m\u00e1s unidad y menos divisi\u00f3n\u201d.<\/p>\n<p style=\"text-align: justify;\">\u201cTenemos muchas cosas en com\u00fan con la Democracia Cristiana. La pol\u00edtica se trata de poder construir mayor\u00edas para conseguir cambios. Esas mayor\u00edas implican construir una lista unitaria que vaya desde el PC, Convergencia, el Frente Amplio y Socialismo Democr\u00e1tico en general, y ser\u00eda una buena cosa que la DC se integre a esta lista\u201d, indic\u00f3.<\/p>\n<p style=\"text-align: justify;\">Asimismo, el legislador apunt\u00f3 a que \u201cel PPD comete un profundo error si cree que diferenciarse del Gobierno es una buena cosa.\u00a0 Creemos que va en la l\u00ednea contraria de lo que se requiere en estos momentos. Estamos en una situaci\u00f3n compleja los partidos en general, la izquierda es parte de esa crisis. Lo que deber\u00eda estar pregonando el PPD es m\u00e1s unidad y no m\u00e1s divisiones\u201d.<\/p>\n<p style=\"text-align: justify;\">\u201cNo puede acontecer que en una mesa de 12 o 13 personas que dicen que est\u00e1n por la unidad, uno se para, se va y dice que no est\u00e1 por la unidad, el PS siga a ese partido. Tenemos que tener con mucha fuerza un sentido unitario y eso es lo que vamos a defender en el comit\u00e9 central\u201d, cerr\u00f3.<\/p>\n","protected":false},"excerpt":{"rendered":"<p>\u201cTenemos la responsabilidad de promover con convicci\u00f3n la lista \u00fanica. El PS no se puede ir con quienes rompan la unidad. Chile requiere m\u00e1s unidad y menos divisi\u00f3n. Emplazamos al PPD a no romper la unidad\u201d se\u00f1al\u00f3 Daniel Manouchehri. En medio de la jornada del comit\u00e9 central del Partido Socialista,<\/p>\n","protected":false},"author":1,"featured_media":2949,"comment_status":"closed","ping_status":"open","sticky":false,"template":"","format":"standard","meta":{"footnotes":""},"categories":[26],"tags":[],"class_list":["post-2960","post","type-post","status-publish","format-standard","has-post-thumbnail","hentry","category-camara-de-diputadas-y-diputados"],"_links":{"self":[{"href":"https:\/\/minutaregional.cl\/index.php?rest_route=\/wp\/v2\/posts\/2960","targetHints":{"allow":["GET"]}}],"collection":[{"href":"https:\/\/minutaregional.cl\/index.php?rest_route=\/wp\/v2\/posts"}],"about":[{"href":"https:\/\/minutaregional.cl\/index.php?rest_route=\/wp\/v2\/types\/post"}],"author":[{"embeddable":true,"href":"https:\/\/minutaregional.cl\/index.php?rest_route=\/wp\/v2\/users\/1"}],"replies":[{"embeddable":true,"href":"https:\/\/minutaregional.cl\/index.php?rest_route=%2Fwp%2Fv2%2Fcomments&post=2960"}],"version-history":[{"count":1,"href":"https:\/\/minutaregional.cl\/index.php?rest_route=\/wp\/v2\/posts\/2960\/revisions"}],"predecessor-version":[{"id":2962,"href":"https:\/\/minutaregional.cl\/index.php?rest_route=\/wp\/v2\/posts\/2960\/revisions\/2962"}],"wp:featuredmedia":[{"embeddable":true,"href":"https:\/\/minutaregional.cl\/index.php?rest_route=\/wp\/v2\/media\/2949"}],"wp:attachment":[{"href":"https:\/\/minutaregional.cl\/index.php?rest_route=%2Fwp%2Fv2%2Fmedia&parent=2960"}],"wp:term":[{"taxonomy":"category","embeddable":true,"href":"https:\/\/minutaregional.cl\/index.php?rest_route=%2Fwp%2Fv2%2Fcategories&post=2960"},{"taxonomy":"post_tag","embeddable":true,"href":"https:\/\/minutaregional.cl\/index.php?rest_route=%2Fwp%2Fv2%2Ftags&post=2960"}],"curies":[{"name":"wp","href":"https:\/\/api.w.org\/{rel}","templated":true}]}}