{"id":2938,"date":"2023-01-26T23:29:45","date_gmt":"2023-01-26T23:29:45","guid":{"rendered":"https:\/\/minutaregional.cl\/?p=2938"},"modified":"2023-01-26T23:32:28","modified_gmt":"2023-01-26T23:32:28","slug":"mejoran-eficiencia-y-sustentabilidad-de-la-cadena-logistica-del-puerto-de-coquimbo","status":"publish","type":"post","link":"https:\/\/minutaregional.cl\/?p=2938","title":{"rendered":"Mejoran eficiencia y sustentabilidad de la cadena log\u00edstica del Puerto de Coquimbo"},"content":{"rendered":"<p class=\"yiv9002729582MsoNormal\" style=\"text-align: justify;\"><i>La Comunidad Log\u00edstica Portuaria Coquimbo (CLPC), en alianza con Corfo por medio del programa Red Proveedores, cerr\u00f3 su segundo ciclo de trabajo con la entidad que en 2022 avanz\u00f3 en ejes como accesibilidad e infraestructura portuaria, transformaci\u00f3n digital y sustentabilidad.<\/i><\/p>\n<p class=\"yiv9002729582MsoNormal\" style=\"text-align: justify;\">Reconociendo los avances y mejoras en materia de eficiencia y sustentabilidad del Puerto de Coquimbo en el \u00faltimo a\u00f1o, la Comunidad Log\u00edstica Portuaria Coquimbo (CLPC) celebr\u00f3 su primera asamblea general de 2023, actividad que adem\u00e1s permiti\u00f3 cerrar formalmente el segundo a\u00f1o de alianza entre esta entidad y Corfo.<\/p>\n<p class=\"yiv9002729582MsoNormal\" style=\"text-align: justify;\">En la ocasi\u00f3n, se repasaron los principales hitos de la gesti\u00f3n 2022, destacando las optimizaciones que\u00a0 ha sumado en la relaci\u00f3n del puerto y sus usuarios; y detallando parte del trabajo estrat\u00e9gico que se ha avanzado en materia de accesibilidad e infraestructura portuaria, transformaci\u00f3n digital y sustentabilidad.<\/p>\n<p class=\"yiv9002729582MsoNormal\" style=\"text-align: justify;\">Andr\u00e9s Zurita, director regional de Corfo, se\u00f1al\u00f3 que el trabajo conjunto con la CLPC ha buscado perfeccionar la conectividad, las herramientas y el encadenamiento productivo asociado a la log\u00edstica del transporte portuario.<\/p>\n<p class=\"yiv9002729582MsoNormal\" style=\"text-align: justify;\">\u201cEsto involucra a m\u00faltiples actores, asociaciones gremiales y pymes, por lo tanto todas las herramientas que se est\u00e1n generando van a mejorar las capacidades de esta cadena log\u00edstica, y al mismo tiempo generar una oferta que va a permitir que toda la producci\u00f3n regional, y de las zonas cercanas, pueda ser transportada v\u00eda Puerto de Coquimbo, con lo cual vamos a mejorar en t\u00e9rminos ambientales, debido a que se disminuye la huella de carbono que implica el transporte de la fruta hasta otros puertos de embarque\u201d, detall\u00f3 la autoridad.<\/p>\n<p class=\"yiv9002729582MsoNormal\" style=\"text-align: justify;\">En tanto, Juan Ignacio Donoso, gerente general de Terminal Puerto Coquimbo (TPC), destac\u00f3 el sello colaborativo que caracteriz\u00f3 el trabajo de la Comunidad Log\u00edstica el \u00faltimo a\u00f1o al alero de la alianza con Corfo.<\/p>\n<p class=\"yiv9002729582MsoNormal\" style=\"text-align: justify;\">\u201cEste programa nos ha permitido mejorar la experiencia de los usuarios en el puerto. Se pueden hacer muchas gestiones comerciales para mostrar los beneficios del puerto, pero si no hay un trabajo conjunto con los distintos actores, transportistas, autoridades, clientes, entre otros, finalmente la experiencia puede ser no tan buena y puede incentivar que el cliente no quiera volver. Entonces, todo el trabajo que ha impulsado la CLPC nos ha permitido mejorar la calidad de servicio a los distintos usuarios para que cuando vengan a Coquimbo, tengan una buena experiencia y despu\u00e9s quieran volver\u201d, coment\u00f3.<\/p>\n<p class=\"yiv9002729582MsoNormal\" style=\"text-align: justify;\">Donoso tambi\u00e9n reconoci\u00f3 los pasos en materia ambiental y de sostenibilidad que se pudieron dar en 2022 a trav\u00e9s de acciones como la medici\u00f3n de la huella de carbono en los procesos, \u201cdonde hemos evidenciado que el hecho de poder salir con la fruta a trav\u00e9s del puerto de Coquimbo permite reducirla\u201d.<\/p>\n<p class=\"yiv9002729582MsoNormal\" style=\"text-align: justify;\">Del mismo modo, Julio Vallejos, gerente general (I) EPCO, coment\u00f3 que \u201cel trabajo que se ha ejecutado, por medio de este programa, junto a Corfo y Asoex, ha sido bien evaluado por quienes son parte de la Comunidad Log\u00edstica Portuaria, lo cual nos insta a continuar desarrollando iniciativas durante el 2023 y promoviendo la Red Log\u00edstica de nuestra Ciudad-Puerto\u201d.<\/p>\n<p class=\"yiv9002729582MsoNormal\" style=\"text-align: justify;\">Por su parte, la presidenta de la Sociedad Agr\u00edcola del Norte, Mar\u00eda In\u00e9s Figari, subray\u00f3 el aporte de los distintos miembros de la Comunidad para lograr que el puerto de Coquimbo sea \u201corgullo regional\u201d. \u201cPara eso estamos aqu\u00ed poniendo lo mejor de cada uno\u201d, dijo. \u201cLa competencia en el mundo se ha hecho muy dura, y la fruta y los productos agr\u00edcolas en general no est\u00e1n ausentes. Entonces tener la posibilidad de sacarla aqu\u00ed mismo en la regi\u00f3n, a 3 kil\u00f3metros del camino que une Chile con la carretera panamericana es una gran ventaja y tendr\u00edamos que ser m\u00e1s competitivos\u201d, a\u00f1adi\u00f3.<\/p>\n<p class=\"yiv9002729582MsoNormal\" style=\"text-align: justify;\">Finalmente, Jorge Aquea, presidente de la Asociaci\u00f3n Gremial de Due\u00f1os de Camiones de Coquimbo y vicepresidente de la CLPC, recalc\u00f3 el apoyo de la comunidad y de los directivos de Corfo en el marco de la alianza que ha permitido ejecutar la iniciativa de la Red de Proveedores. \u201cDamos las gracias al director de Corfo que para nosotros representa una visita de lujo, porque tambi\u00e9n conforme al Estado y al proyecto no podr\u00edamos avanzar tanto como lo hemos hecho hasta ahora, sobre todo en tiempos complicados como estos\u201d, concluy\u00f3.<\/p>\n<p class=\"yiv9002729582MsoNormal\" style=\"text-align: justify;\">Cabe mencionar, que el proyecto en ejecuci\u00f3n tiene un impacto directo a 19 empresas proveedoras del sistema portuario local, tanto del sector agr\u00edcola, de transportes y actores transversales, aunque de igual manera todas las acciones realizadas han tenido un efecto positivo en toda la red log\u00edstica del Puerto de Coquimbo<\/p>\n","protected":false},"excerpt":{"rendered":"<p>La Comunidad Log\u00edstica Portuaria Coquimbo (CLPC), en alianza con Corfo por medio del programa Red Proveedores, cerr\u00f3 su segundo ciclo de trabajo con la entidad que en 2022 avanz\u00f3 en ejes como accesibilidad e infraestructura portuaria, transformaci\u00f3n digital y sustentabilidad. Reconociendo los avances y mejoras en materia de eficiencia y<\/p>\n","protected":false},"author":1,"featured_media":2939,"comment_status":"closed","ping_status":"open","sticky":false,"template":"","format":"standard","meta":{"footnotes":""},"categories":[20],"tags":[],"class_list":["post-2938","post","type-post","status-publish","format-standard","has-post-thumbnail","hentry","category-corfo"],"_links":{"self":[{"href":"https:\/\/minutaregional.cl\/index.php?rest_route=\/wp\/v2\/posts\/2938","targetHints":{"allow":["GET"]}}],"collection":[{"href":"https:\/\/minutaregional.cl\/index.php?rest_route=\/wp\/v2\/posts"}],"about":[{"href":"https:\/\/minutaregional.cl\/index.php?rest_route=\/wp\/v2\/types\/post"}],"author":[{"embeddable":true,"href":"https:\/\/minutaregional.cl\/index.php?rest_route=\/wp\/v2\/users\/1"}],"replies":[{"embeddable":true,"href":"https:\/\/minutaregional.cl\/index.php?rest_route=%2Fwp%2Fv2%2Fcomments&post=2938"}],"version-history":[{"count":2,"href":"https:\/\/minutaregional.cl\/index.php?rest_route=\/wp\/v2\/posts\/2938\/revisions"}],"predecessor-version":[{"id":2941,"href":"https:\/\/minutaregional.cl\/index.php?rest_route=\/wp\/v2\/posts\/2938\/revisions\/2941"}],"wp:featuredmedia":[{"embeddable":true,"href":"https:\/\/minutaregional.cl\/index.php?rest_route=\/wp\/v2\/media\/2939"}],"wp:attachment":[{"href":"https:\/\/minutaregional.cl\/index.php?rest_route=%2Fwp%2Fv2%2Fmedia&parent=2938"}],"wp:term":[{"taxonomy":"category","embeddable":true,"href":"https:\/\/minutaregional.cl\/index.php?rest_route=%2Fwp%2Fv2%2Fcategories&post=2938"},{"taxonomy":"post_tag","embeddable":true,"href":"https:\/\/minutaregional.cl\/index.php?rest_route=%2Fwp%2Fv2%2Ftags&post=2938"}],"curies":[{"name":"wp","href":"https:\/\/api.w.org\/{rel}","templated":true}]}}