{"id":2934,"date":"2023-01-26T23:11:10","date_gmt":"2023-01-26T23:11:10","guid":{"rendered":"https:\/\/minutaregional.cl\/?p=2934"},"modified":"2023-01-26T23:11:10","modified_gmt":"2023-01-26T23:11:10","slug":"fiesta-de-los-abrazos-vuelve-a-la-serena-luego-de-tres-anos","status":"publish","type":"post","link":"https:\/\/minutaregional.cl\/?p=2934","title":{"rendered":"FIESTA DE LOS ABRAZOS VUELVE A LA SERENA LUEGO DE TRES A\u00d1OS"},"content":{"rendered":"<p style=\"text-align: justify;\"><em>Este s\u00e1bado, en el Parque Pedro de Valdivia, tendr\u00e1 lugar la tradicional jornada pol\u00edtica-art\u00edstico-cultural que organiza el Partido Comunista. Se destaca el lanzamiento del libro \u201cDel viraje al gobierno del nuevo tipo. El Partido Comunista de Chile en la primera d\u00e9cada del Siglo XXI\u201d.<\/em><\/p>\n<p style=\"text-align: justify;\">Este s\u00e1bado, desde las 11 horas, se realizar\u00e1 una nueva versi\u00f3n regional de la tradicional Fiesta de los Abrazos, en esta ocasi\u00f3n en el Parque Pedro de Valdivia de La Serena.<\/p>\n<p style=\"text-align: justify;\">El Partido Comunista tiene organizado una serie de actividades para la ocasi\u00f3n, destacando el lanzamiento del libro \u201cDel viraje al gobierno del nuevo tipo. El Partido Comunista de Chile en la primera d\u00e9cada del Siglo XXI\u201d del historiador Rolando \u00c1lvarez, programado para las 12 horas. Entre los panelistas estar\u00e1 el autor de la investigaci\u00f3n y el senador Daniel N\u00fa\u00f1ez.<\/p>\n<p style=\"text-align: justify;\">Adem\u00e1s, se realizar\u00e1n una serie de actividades culturales como teatro, danza y m\u00fasica en vivo. Tambi\u00e9n habr\u00e1 una variada oferta gastron\u00f3mica.<\/p>\n<p style=\"text-align: justify;\">El senador Daniel N\u00fa\u00f1ez invit\u00f3 a toda la comunidad de la regi\u00f3n a participar de las diferentes actividades, ya que \u201chace tres a\u00f1os que por la pandemia no hab\u00edamos podido desarrollar esta tradicional fiesta y lo vamos a hacer en grande este s\u00e1bado durante todo el d\u00eda\u201d.<\/p>\n<p style=\"text-align: justify;\">La Fiesta de Los Abrazos se origin\u00f3 en Santiago hacia fines de la dictadura c\u00edvico-militar como una forma de compartir y reencontrarse entre los y las militantes comunistas tras el A\u00f1o Nuevo. Actualmente se realiza en varias regiones de nuestro pa\u00eds.<\/p>\n","protected":false},"excerpt":{"rendered":"<p>Este s\u00e1bado, en el Parque Pedro de Valdivia, tendr\u00e1 lugar la tradicional jornada pol\u00edtica-art\u00edstico-cultural que organiza el Partido Comunista. Se destaca el lanzamiento del libro \u201cDel viraje al gobierno del nuevo tipo. El Partido Comunista de Chile en la primera d\u00e9cada del Siglo XXI\u201d. Este s\u00e1bado, desde las 11 horas,<\/p>\n","protected":false},"author":1,"featured_media":2936,"comment_status":"closed","ping_status":"open","sticky":false,"template":"","format":"standard","meta":{"footnotes":""},"categories":[1],"tags":[],"class_list":["post-2934","post","type-post","status-publish","format-standard","has-post-thumbnail","hentry","category-noticias-regionales"],"_links":{"self":[{"href":"https:\/\/minutaregional.cl\/index.php?rest_route=\/wp\/v2\/posts\/2934","targetHints":{"allow":["GET"]}}],"collection":[{"href":"https:\/\/minutaregional.cl\/index.php?rest_route=\/wp\/v2\/posts"}],"about":[{"href":"https:\/\/minutaregional.cl\/index.php?rest_route=\/wp\/v2\/types\/post"}],"author":[{"embeddable":true,"href":"https:\/\/minutaregional.cl\/index.php?rest_route=\/wp\/v2\/users\/1"}],"replies":[{"embeddable":true,"href":"https:\/\/minutaregional.cl\/index.php?rest_route=%2Fwp%2Fv2%2Fcomments&post=2934"}],"version-history":[{"count":1,"href":"https:\/\/minutaregional.cl\/index.php?rest_route=\/wp\/v2\/posts\/2934\/revisions"}],"predecessor-version":[{"id":2937,"href":"https:\/\/minutaregional.cl\/index.php?rest_route=\/wp\/v2\/posts\/2934\/revisions\/2937"}],"wp:featuredmedia":[{"embeddable":true,"href":"https:\/\/minutaregional.cl\/index.php?rest_route=\/wp\/v2\/media\/2936"}],"wp:attachment":[{"href":"https:\/\/minutaregional.cl\/index.php?rest_route=%2Fwp%2Fv2%2Fmedia&parent=2934"}],"wp:term":[{"taxonomy":"category","embeddable":true,"href":"https:\/\/minutaregional.cl\/index.php?rest_route=%2Fwp%2Fv2%2Fcategories&post=2934"},{"taxonomy":"post_tag","embeddable":true,"href":"https:\/\/minutaregional.cl\/index.php?rest_route=%2Fwp%2Fv2%2Ftags&post=2934"}],"curies":[{"name":"wp","href":"https:\/\/api.w.org\/{rel}","templated":true}]}}