{"id":2928,"date":"2023-01-26T22:08:12","date_gmt":"2023-01-26T22:08:12","guid":{"rendered":"https:\/\/minutaregional.cl\/?p=2928"},"modified":"2023-01-26T22:08:12","modified_gmt":"2023-01-26T22:08:12","slug":"inician-obras-de-mejoramiento-para-el-acceso-sur-de-illapel","status":"publish","type":"post","link":"https:\/\/minutaregional.cl\/?p=2928","title":{"rendered":"INICIAN OBRAS DE MEJORAMIENTO PARA EL ACCESO SUR DE ILLAPEL"},"content":{"rendered":"<p style=\"text-align: justify;\">Se dio el inicio a las obras que dar\u00e1n forma al proyecto \u201cMejoramiento Integral Acceso Sur\u201d mediante un acto protocolar que cont\u00f3 con la presencia del Alcalde Denis Cort\u00e9s Aguilera, Consejeros Regionales, Concejales y dirigentes sociales. La iniciativa gestionada por el municipio y financiada con el Fondo Nacional de Desarrollo Regional busca renovar la v\u00eda principal de ingreso a Illapel y contempla una inversi\u00f3n de m\u00e1s de 2.600 millones de pesos que ser\u00e1n destinados para el mejoramiento de 10 mil metros cuadrados que comprenden la creaci\u00f3n de un paseo urbano bidireccional, tem\u00e1tico y amortiguador entre el rio y la ciudad, de 700 metros lineales.<\/p>\n<p style=\"text-align: justify;\">La m\u00e1xima autoridad comunal destac\u00f3 que \u201ccada vez que se invierte en la comuna, son momentos importantes para todos\u201d. Por otra parte, recalc\u00f3 que esta obra \u201ces importante para que quienes nos visiten refuercen la idea de que vivimos en una comuna preciosa\u201d. Finalmente, se\u00f1al\u00f3 que este proyecto es parte de la voluntad de su administraci\u00f3n para \u201ctransformar Illapel en un lugar que cada d\u00eda tenga mejor calidad de vida\u201d.<\/p>\n<p style=\"text-align: justify;\">En este sentido, la obra que posee una connotaci\u00f3n hist\u00f3rica al mejorar el principal acceso va a potenciar las cualidades de la zona y a recuperar la identidad local con la construcci\u00f3n de 4 monumentos que homenajean a los crianceros y a los peque\u00f1os mineros. Adem\u00e1s, brinda un espacio iluminado y con m\u00e1s seguridad para que los vecinos puedan transitar libremente.<\/p>\n<p style=\"text-align: justify;\">Darwin Ibacache, Consejero Regional de Coquimbo por la provincia del Choapa, indic\u00f3 que \u201ces una importante noticia para Illapel esta primera piedra para el acceso sur\u201d. Adem\u00e1s, destac\u00f3 que \u201cla votaci\u00f3n para aprobar este proyecto fue un\u00e1nime en el consejo\u201d, raz\u00f3n por la cual felicit\u00f3 a la Secretar\u00eda Comunal de Planificaci\u00f3n.<\/p>\n<p style=\"text-align: justify;\">A estas palabras, se sum\u00f3 su s\u00edmil Juan Barraza, quien agreg\u00f3 en sus congratulaciones \u201cal alcalde y a su equipo de Concejales y funcionarios por esta segunda inauguraci\u00f3n en una semana\u201d. Finalmente, el Consejero David Mu\u00f1oz, manifest\u00f3 la disposici\u00f3n del gobierno regional para apoyar iniciativas tan destacables como esta\u201d.<\/p>\n<p style=\"text-align: justify;\">De esta forma, finaliza un largo proceso en el que la administraci\u00f3n municipal realiz\u00f3 m\u00faltiples gestiones t\u00e9cnicas, administrativas, acciones legales y una licitaci\u00f3n p\u00fablica, que culminaron con la adjudicaci\u00f3n del proyecto por parte de la empresa constructora \u201cDel Arte\u201d, concluyendo con la firma del contrato formal y del compromiso de ambas partes, que tiene como plazo estimado de entrega a mediados del 2024.<\/p>\n<p>&nbsp;<\/p>\n","protected":false},"excerpt":{"rendered":"<p>Se dio el inicio a las obras que dar\u00e1n forma al proyecto \u201cMejoramiento Integral Acceso Sur\u201d mediante un acto protocolar que cont\u00f3 con la presencia del Alcalde Denis Cort\u00e9s Aguilera, Consejeros Regionales, Concejales y dirigentes sociales. La iniciativa gestionada por el municipio y financiada con el Fondo Nacional de Desarrollo<\/p>\n","protected":false},"author":1,"featured_media":2929,"comment_status":"closed","ping_status":"open","sticky":false,"template":"","format":"standard","meta":{"footnotes":""},"categories":[22],"tags":[],"class_list":["post-2928","post","type-post","status-publish","format-standard","has-post-thumbnail","hentry","category-muni-illapel"],"_links":{"self":[{"href":"https:\/\/minutaregional.cl\/index.php?rest_route=\/wp\/v2\/posts\/2928","targetHints":{"allow":["GET"]}}],"collection":[{"href":"https:\/\/minutaregional.cl\/index.php?rest_route=\/wp\/v2\/posts"}],"about":[{"href":"https:\/\/minutaregional.cl\/index.php?rest_route=\/wp\/v2\/types\/post"}],"author":[{"embeddable":true,"href":"https:\/\/minutaregional.cl\/index.php?rest_route=\/wp\/v2\/users\/1"}],"replies":[{"embeddable":true,"href":"https:\/\/minutaregional.cl\/index.php?rest_route=%2Fwp%2Fv2%2Fcomments&post=2928"}],"version-history":[{"count":1,"href":"https:\/\/minutaregional.cl\/index.php?rest_route=\/wp\/v2\/posts\/2928\/revisions"}],"predecessor-version":[{"id":2930,"href":"https:\/\/minutaregional.cl\/index.php?rest_route=\/wp\/v2\/posts\/2928\/revisions\/2930"}],"wp:featuredmedia":[{"embeddable":true,"href":"https:\/\/minutaregional.cl\/index.php?rest_route=\/wp\/v2\/media\/2929"}],"wp:attachment":[{"href":"https:\/\/minutaregional.cl\/index.php?rest_route=%2Fwp%2Fv2%2Fmedia&parent=2928"}],"wp:term":[{"taxonomy":"category","embeddable":true,"href":"https:\/\/minutaregional.cl\/index.php?rest_route=%2Fwp%2Fv2%2Fcategories&post=2928"},{"taxonomy":"post_tag","embeddable":true,"href":"https:\/\/minutaregional.cl\/index.php?rest_route=%2Fwp%2Fv2%2Ftags&post=2928"}],"curies":[{"name":"wp","href":"https:\/\/api.w.org\/{rel}","templated":true}]}}