{"id":2911,"date":"2023-01-26T02:28:02","date_gmt":"2023-01-26T02:28:02","guid":{"rendered":"https:\/\/minutaregional.cl\/?p=2911"},"modified":"2023-01-26T02:31:48","modified_gmt":"2023-01-26T02:31:48","slug":"convocan-de-formaurgente-a-consejo-de-seguridad-publica-en-illapel-para-abordar-grave-hecho-de-violencia-en-la-comuna","status":"publish","type":"post","link":"https:\/\/minutaregional.cl\/?p=2911","title":{"rendered":"Convocan de FormaUrgente a Consejo de Seguridad Publica en Illapel para Abordar Grave Hecho de Violencia en la Comuna"},"content":{"rendered":"<p style=\"text-align: justify;\">El Alcalde de Illapel, Denis Cort\u00e9s Aguilera, convoc\u00f3 a una sesi\u00f3n extraordinaria del Consejo Comunal de Seguridad P\u00fablica, luego de la lamentable situaci\u00f3n vivida la tarde de ayer en pleno centro de la ciudad, donde producto de una balacera falleci\u00f3 una persona y otra result\u00f3 herida.<\/p>\n<p style=\"text-align: justify;\">En representaci\u00f3n del municipio y los vecinos de la comuna, el jefe comunal illapelino manifest\u00f3 su repudio y preocupaci\u00f3n ante lo ocurrido. \u201cEsto tiene que significar medidas m\u00e1s dr\u00e1sticas y m\u00e1s recursos para enfrentar la delincuencia y el tr\u00e1fico de drogas\u201d, indic\u00f3 la autoridad, haciendo un llamado a las entidades encargadas de la prevenci\u00f3n del delito e invit\u00e1ndolas a realizar un trabajo conjunto para enfrentar la crisis de seguridad p\u00fablica que vive el pa\u00eds.<\/p>\n<p style=\"text-align: justify;\">Tras una conferencia realizada la noche de ayer, Denis Cort\u00e9s Aguilera sostuvo que \u201ccon las pocas herramientas que tenemos hemos hecho los mejores esfuerzos. Hemos contratado m\u00f3viles, implementado c\u00e1maras de seguridad y la defensor\u00eda de las v\u00edctimas. A\u00fan as\u00ed la situaci\u00f3n excede a la capacidad que tenemos como municipio\u201d.<\/p>\n<p style=\"text-align: justify;\">El Consejo de Seguridad P\u00fablica, presidido por el alcalde de la comuna, corresponde a la \u00fanica herramienta legal que tiene el municipio para convocar a las entidades relacionadas directamente con la prevenci\u00f3n del delito. Ante esto, el l\u00edder comunal se\u00f1al\u00f3 que \u201cno tenemos facultades investigadoras, ni de creaci\u00f3n de leyes, que le corresponde al Congreso. Por esta raz\u00f3n, usaremos la \u00fanica facultad que tenemos para reunir a las polic\u00edas, fiscal\u00edas y a todas las entidades relacionadas con la prevenci\u00f3n del delito\u201d.<\/p>\n<p style=\"text-align: justify;\">La reuni\u00f3n con los actores de seguridad y representantes de la comunidad se llevar\u00e1 a cabo al mediod\u00eda de hoy y se espera que las autoridades pertinentes puedan esclarecer el plan de acci\u00f3n que se aplicar\u00e1 para enfrentar este tipo de situaciones de forma efectiva y evitar que se alcancen altos niveles de violencia en una comuna\u00a0 que se caracteriza por su tranquilidad.<\/p>\n<p>&nbsp;<\/p>\n","protected":false},"excerpt":{"rendered":"<p>El Alcalde de Illapel, Denis Cort\u00e9s Aguilera, convoc\u00f3 a una sesi\u00f3n extraordinaria del Consejo Comunal de Seguridad P\u00fablica, luego de la lamentable situaci\u00f3n vivida la tarde de ayer en pleno centro de la ciudad, donde producto de una balacera falleci\u00f3 una persona y otra result\u00f3 herida. En representaci\u00f3n del municipio<\/p>\n","protected":false},"author":1,"featured_media":2914,"comment_status":"closed","ping_status":"open","sticky":false,"template":"","format":"standard","meta":{"footnotes":""},"categories":[22,21],"tags":[],"class_list":["post-2911","post","type-post","status-publish","format-standard","has-post-thumbnail","hentry","category-muni-illapel","category-municipalidades"],"_links":{"self":[{"href":"https:\/\/minutaregional.cl\/index.php?rest_route=\/wp\/v2\/posts\/2911","targetHints":{"allow":["GET"]}}],"collection":[{"href":"https:\/\/minutaregional.cl\/index.php?rest_route=\/wp\/v2\/posts"}],"about":[{"href":"https:\/\/minutaregional.cl\/index.php?rest_route=\/wp\/v2\/types\/post"}],"author":[{"embeddable":true,"href":"https:\/\/minutaregional.cl\/index.php?rest_route=\/wp\/v2\/users\/1"}],"replies":[{"embeddable":true,"href":"https:\/\/minutaregional.cl\/index.php?rest_route=%2Fwp%2Fv2%2Fcomments&post=2911"}],"version-history":[{"count":1,"href":"https:\/\/minutaregional.cl\/index.php?rest_route=\/wp\/v2\/posts\/2911\/revisions"}],"predecessor-version":[{"id":2915,"href":"https:\/\/minutaregional.cl\/index.php?rest_route=\/wp\/v2\/posts\/2911\/revisions\/2915"}],"wp:featuredmedia":[{"embeddable":true,"href":"https:\/\/minutaregional.cl\/index.php?rest_route=\/wp\/v2\/media\/2914"}],"wp:attachment":[{"href":"https:\/\/minutaregional.cl\/index.php?rest_route=%2Fwp%2Fv2%2Fmedia&parent=2911"}],"wp:term":[{"taxonomy":"category","embeddable":true,"href":"https:\/\/minutaregional.cl\/index.php?rest_route=%2Fwp%2Fv2%2Fcategories&post=2911"},{"taxonomy":"post_tag","embeddable":true,"href":"https:\/\/minutaregional.cl\/index.php?rest_route=%2Fwp%2Fv2%2Ftags&post=2911"}],"curies":[{"name":"wp","href":"https:\/\/api.w.org\/{rel}","templated":true}]}}