{"id":2900,"date":"2023-01-25T21:22:19","date_gmt":"2023-01-25T21:22:19","guid":{"rendered":"https:\/\/minutaregional.cl\/?p=2900"},"modified":"2023-01-25T21:23:01","modified_gmt":"2023-01-25T21:23:01","slug":"dos-robos-de-cables-afectan-a-monte-patria-sujetos-se-apropian-de-1-800-metros-de-cobre-en-solo-cinco-dias","status":"publish","type":"post","link":"https:\/\/minutaregional.cl\/?p=2900","title":{"rendered":"Dos robos de cables afectan a Monte Patria: Sujetos se apropian de 1.800 metros de cobre en s\u00f3lo cinco d\u00edas"},"content":{"rendered":"<audio class=\"wp-audio-shortcode\" id=\"audio-2900-1\" preload=\"none\" style=\"width: 100%;\" controls=\"controls\"><source type=\"audio\/mpeg\" src=\"https:\/\/minutaregional.cl\/wp-content\/uploads\/2023\/01\/Felipe-Pardo-Despacho-robo-de-cables-en-Monte-Patria.mp3?_=1\" \/><a href=\"https:\/\/minutaregional.cl\/wp-content\/uploads\/2023\/01\/Felipe-Pardo-Despacho-robo-de-cables-en-Monte-Patria.mp3\">https:\/\/minutaregional.cl\/wp-content\/uploads\/2023\/01\/Felipe-Pardo-Despacho-robo-de-cables-en-Monte-Patria.mp3<\/a><\/audio>\n<p>AUDIO : <strong>Comunicaciones Felipe Pardo Ortega<\/strong><\/p>\n<ul>\n<li>Anoche, delincuentes vulneraron la red el\u00e9ctrica en la localidad de Cha\u00f1aral Alto para quedarse con 1.200 metros, lo que se suma a incidente ocurrido el s\u00e1bado en Cerro Manchado donde el bot\u00edn fue de 600 metros.<\/li>\n<\/ul>\n<p style=\"text-align: justify;\">S\u00f3lo cinco d\u00edas bastaron para que delincuentes da\u00f1aran en dos ocasiones la red de distribuci\u00f3n el\u00e9ctrica que la empresa CGE posee en Monte Patria. Esto, pues la noche de este martes, la localidad de Cha\u00f1aral Alto fue escenario para la ocurrencia de este delito que se ha vuelto reiterativo en la provincia de Limar\u00ed y que se suma a un incidente similar registrado el s\u00e1bado en Cerro Manchado de la misma comuna. En total, se hurtaron 1.800 metros de cobre.<\/p>\n<p style=\"text-align: justify;\">Anoche, poco antes de las 21 horas, vecinos de Cha\u00f1aral Alto dieron aviso de la interrupci\u00f3n de suministro aduciendo intervenci\u00f3n irregular de la l\u00ednea que les surte energ\u00eda, lo que provoc\u00f3 que los equipos de emergencia de CGE concurrieran al lugar y confirmasen que se trataba de robo de cables. El bot\u00edn de los delincuentes fue de 1.200 metros de cable de cobre.<\/p>\n<p style=\"text-align: justify;\">Si bien en esta ocasi\u00f3n se afect\u00f3 un arranque que pertenece a s\u00f3lo 1 cliente, \u00e9ste subdistribuye a m\u00e1s familias, por lo que el impacto de este il\u00edcito perturb\u00f3 a m\u00e1s personas. Los equipos t\u00e9cnicos de CGE tuvieron que trabajar durante gran parte de la jornada para normalizar las instalaciones.<\/p>\n<p style=\"text-align: justify;\">Este robo en Cha\u00f1aral Alto fue el segundo en cinco d\u00edas, pues el s\u00e1bado pasado el sector de Cerro Manchado tambi\u00e9n fue ocupado por estas bandas organizadas para cometer sus fechor\u00edas. En aquella oportunidad se adue\u00f1aron de 600 metros de cobre.<\/p>\n<p style=\"text-align: justify;\">El gerente zonal (S) de CGE Coquimbo, Alejandro Aguilera, dio cuenta del incremento de este tipo de delitos en la provincia de Limar\u00ed. \u201cVemos con preocupaci\u00f3n que el \u00e1rea donde confluyen las comunas de Punitaqui y Monte Patria se est\u00e1 transformando en un sitio de recurrente hurto de conductor de cobre. Por ello reforzaremos las denuncias respectivas para que queden como antecedente dentro de la carpeta investigativa del Ministerio P\u00fablico\u201d, manifest\u00f3.<\/p>\n<p style=\"text-align: justify;\">Asimismo, desde CGE coordinar\u00e1n acciones con los organismos competentes para definir una estrategia que permita dar con los responsables de este delito que ha erigido a la Regi\u00f3n de Coquimbo como la zona donde mayor cantidad de cable se hurta en el pa\u00eds. De hecho, en los \u00faltimos doce meses han sido m\u00e1s de 60 mil metros los que han sustra\u00eddo los delincuentes, por lo que la compa\u00f1\u00eda lo defini\u00f3 como un problema de seguridad p\u00fablica, ya que no s\u00f3lo afecta la calidad y continuidad del suministro el\u00e9ctrico, sino que tambi\u00e9n el bienestar de la ciudadan\u00eda.<\/p>\n<p style=\"text-align: justify;\"><strong>\u00a0<\/strong><strong>Consejo<\/strong><\/p>\n<p style=\"text-align: justify;\">\u201cCGE reitera el peligro de aproximarse a las redes e infraestructura el\u00e9ctrica y hace un llamado a sus clientes a tomar algunas medidas de seguridad para evitar accidentes, como no acercarse a conductores o cables da\u00f1ados o que est\u00e9n en el suelo, ya que podr\u00edan estar energizados. En caso de emergencia, se solicita tomar contacto con la empresa a trav\u00e9s del n\u00famero de atenci\u00f3n gratuito 800 800 767; la cuenta de Twitter @CGE_Clientes y la p\u00e1gina web www.cge.cl\u201d.<\/p>\n<p>&nbsp;<\/p>\n","protected":false},"excerpt":{"rendered":"<p>AUDIO : Comunicaciones Felipe Pardo Ortega Anoche, delincuentes vulneraron la red el\u00e9ctrica en la localidad de Cha\u00f1aral Alto para quedarse con 1.200 metros, lo que se suma a incidente ocurrido el s\u00e1bado en Cerro Manchado donde el bot\u00edn fue de 600 metros. S\u00f3lo cinco d\u00edas bastaron para que delincuentes da\u00f1aran<\/p>\n","protected":false},"author":1,"featured_media":2901,"comment_status":"closed","ping_status":"open","sticky":false,"template":"","format":"standard","meta":{"footnotes":""},"categories":[49],"tags":[],"class_list":["post-2900","post","type-post","status-publish","format-standard","has-post-thumbnail","hentry","category-cge-distribucion-s-a"],"_links":{"self":[{"href":"https:\/\/minutaregional.cl\/index.php?rest_route=\/wp\/v2\/posts\/2900","targetHints":{"allow":["GET"]}}],"collection":[{"href":"https:\/\/minutaregional.cl\/index.php?rest_route=\/wp\/v2\/posts"}],"about":[{"href":"https:\/\/minutaregional.cl\/index.php?rest_route=\/wp\/v2\/types\/post"}],"author":[{"embeddable":true,"href":"https:\/\/minutaregional.cl\/index.php?rest_route=\/wp\/v2\/users\/1"}],"replies":[{"embeddable":true,"href":"https:\/\/minutaregional.cl\/index.php?rest_route=%2Fwp%2Fv2%2Fcomments&post=2900"}],"version-history":[{"count":1,"href":"https:\/\/minutaregional.cl\/index.php?rest_route=\/wp\/v2\/posts\/2900\/revisions"}],"predecessor-version":[{"id":2903,"href":"https:\/\/minutaregional.cl\/index.php?rest_route=\/wp\/v2\/posts\/2900\/revisions\/2903"}],"wp:featuredmedia":[{"embeddable":true,"href":"https:\/\/minutaregional.cl\/index.php?rest_route=\/wp\/v2\/media\/2901"}],"wp:attachment":[{"href":"https:\/\/minutaregional.cl\/index.php?rest_route=%2Fwp%2Fv2%2Fmedia&parent=2900"}],"wp:term":[{"taxonomy":"category","embeddable":true,"href":"https:\/\/minutaregional.cl\/index.php?rest_route=%2Fwp%2Fv2%2Fcategories&post=2900"},{"taxonomy":"post_tag","embeddable":true,"href":"https:\/\/minutaregional.cl\/index.php?rest_route=%2Fwp%2Fv2%2Ftags&post=2900"}],"curies":[{"name":"wp","href":"https:\/\/api.w.org\/{rel}","templated":true}]}}