{"id":2897,"date":"2023-01-25T21:00:24","date_gmt":"2023-01-25T21:00:24","guid":{"rendered":"https:\/\/minutaregional.cl\/?p=2897"},"modified":"2023-01-25T21:00:24","modified_gmt":"2023-01-25T21:00:24","slug":"municipios-de-la-region-se-comprometen-a-avanzar-en-coproduccion-de-seguridad-con-carabineros","status":"publish","type":"post","link":"https:\/\/minutaregional.cl\/?p=2897","title":{"rendered":"Municipios de la regi\u00f3n se comprometen a avanzar en coproducci\u00f3n de seguridad con Carabineros"},"content":{"rendered":"<ul>\n<li style=\"text-align: justify;\"><strong><em>La importancia del trabajo conjunto entre Carabineros y las municipalidades, y su beneficio para la comunidad en t\u00e9rminos de seguridad, fueron el tema central del primer conversatorio del Departamento de Coordinaci\u00f3n con la Seguridad Municipal OS14 realizado en la regi\u00f3n de Coquimbo.<\/em><\/strong><\/li>\n<\/ul>\n<p style=\"text-align: justify;\">La convocatoria fue total. Un conversatorio entre Carabineros y los municipios de la Regi\u00f3n de Coquimbo permiti\u00f3 dar a conocer en detalle los objetivos y funciones del nuevo departamento OS7 de la instituci\u00f3n policial, creado hace un a\u00f1o y que ha permitido en algunas comunas fortalecer el trabajo para la coproducci\u00f3n de seguridad.<\/p>\n<p style=\"text-align: justify;\">La instancia no solo fue la actividad principal de la primera visita a la regi\u00f3n por parte del Subsecretario de Prevenci\u00f3n del Delito, Eduardo Vergara, sino que estuvo encabezada por el General Director suplente de Carabineros, Marcelo Araya, y cont\u00f3 con la participaci\u00f3n de los 15 municipios de la regi\u00f3n.<\/p>\n<p style=\"text-align: justify;\"><strong>\u00abValoramos el apoyo y el trabajo coordinado que se ha realizado con los distintos municipios, representado en el inter\u00e9s que han puesto los alcaldes y alcaldesa para dar inicio a esta estrategia y posibilitar los patrullajes mixtos, orientados a potenciar la presencia y la prevenci\u00f3n en las distintas comunas con la finalidad de controlar, prevenir y evitar delitos. Esto es lo que pide la gente, esto es lo que pida la ciudadan\u00eda y es sumamente relevante que vea tambi\u00e9n que hay un trabajo permanente y continuo, franco y sincero con los municipios en materia de seguridad, posicionando este tema que nos interesa a todos, como una prioridad\u00bb<\/strong>, puntualiz\u00f3 el General Director (s) de Carabineros, Marcelo Araya.<\/p>\n<p style=\"text-align: justify;\"><strong>\u00abEsta estructura de mayor cobertura, de mayor presencia y contacto con la ciudadan\u00eda va a permitir un mejor servicio policial\u00bb<\/strong>, agreg\u00f3.<\/p>\n<p style=\"text-align: justify;\">Durante el conversatorio, uno a uno, los alcaldes y representantes de La Serena, Coquimbo, Vicu\u00f1a, Paihuano, La Higuera, Andacollo, Los Vilos, Illapel, Salamanca, Canela, Combarbal\u00e1, Monte Patria y Punitaqui -adem\u00e1s de los ediles de Ovalle y R\u00edo Hurtado de manera virtual- fueron aclarando sus dudas y entregando su visi\u00f3n sobre la creaci\u00f3n de este nuevo departamento por parte de Carabineros, y que coloca la coproducci\u00f3n de seguridad como eje principal de los despliegues.<\/p>\n<p style=\"text-align: justify;\"><strong>\u00abLos alcaldes de la regi\u00f3n estamos todos absolutamente disponibles para contribuir a la seguridad. Hoy hemos planteado nuestra absoluta disposici\u00f3n a firmar convenios para que el d\u00eda de ma\u00f1ana sea\u00a0 justamente nuestros funcionarios y veh\u00edculos municipales, los que den acogida a Carabineros y que podamos salir con ellos. Creemos que damos un paso adelante y que cuando nos unimos podemos lograr grandes cosas\u00bb<\/strong>, indic\u00f3 el Presidente de la Asociaci\u00f3n de Municipios de la Regi\u00f3n de Coquimbo y Alcalde de Vicu\u00f1a, Rafael Vera.<\/p>\n<p style=\"text-align: justify;\"><strong><em>Recursos para municipios._<\/em><\/strong><\/p>\n<p style=\"text-align: justify;\">El conversatorio entre Carabineros y municipios, represent\u00f3 la primera actividad y visita del Subsecretario de Prevenci\u00f3n del Delito a la regi\u00f3n, Eduardo Vergara, evidenciando la relevancia que la coproducci\u00f3n de seguridad tiene para el gobierno. En ese sentido, valor\u00f3 la instancia y el compromiso de los participantes. <strong>\u00abA lo largo de todo el pa\u00eds y gracias al OS14 de Carabineros, hemos podido incrementar y fortalecer el trabajo entre distintos municipios y Carabineros de Chile. La jornada de trabajo de hoy, es un hito muy importante para la regi\u00f3n de Coquimbo, porque el Estado se hace presente con acciones, y no con titulares ni promesas. La labor de nuestras polic\u00edas es fundamental, la labor de nuestros municipios es clave y por eso estamos aqu\u00ed con ellos\u00bb<\/strong>, asegur\u00f3, entregando tambi\u00e9n una importante noticia: <strong>\u00abHay un compromiso que renovamos con los alcaldes y alcaldesa de la regi\u00f3n de Coquimbo de que este a\u00f1o, el a\u00f1o en que aplicaremos el nuevo sistema de seguridad municipal, ya no existir\u00e1n concursos y los recursos les llegar\u00e1n en base a la necesidad sobre un m\u00ednimo com\u00fan preventivo\u00bb<\/strong>, indic\u00f3.<\/p>\n<p style=\"text-align: justify;\">Este anuncio fue destacado y valorado tambi\u00e9n por el Delegado Presidencial Regional, Rub\u00e9n Quezada, quien asegur\u00f3 que tanto la actividad como los compromisos alcanzados representan <strong>\u00abun paso m\u00e1s en establecer y fortalecer su institucionalidad en materia de seguridad\u00bb<\/strong>.<\/p>\n<p style=\"text-align: justify;\"><strong>\u00abEl Gobierno quiere que la seguridad llegue a todos los rincones, y es solo a trav\u00e9s del trabajo colaborativo y honesto como este, que se puede llevar a cabo. En ese sentido, los municipios van a recibir los fondos que necesitan en materia de seguridad para ser financiados por el Estado\u00bb<\/strong>, asegur\u00f3 la autoridad regional.<\/p>\n","protected":false},"excerpt":{"rendered":"<p>La importancia del trabajo conjunto entre Carabineros y las municipalidades, y su beneficio para la comunidad en t\u00e9rminos de seguridad, fueron el tema central del primer conversatorio del Departamento de Coordinaci\u00f3n con la Seguridad Municipal OS14 realizado en la regi\u00f3n de Coquimbo. La convocatoria fue total. Un conversatorio entre Carabineros<\/p>\n","protected":false},"author":1,"featured_media":2898,"comment_status":"closed","ping_status":"open","sticky":false,"template":"","format":"standard","meta":{"footnotes":""},"categories":[21,1],"tags":[],"class_list":["post-2897","post","type-post","status-publish","format-standard","has-post-thumbnail","hentry","category-municipalidades","category-noticias-regionales"],"_links":{"self":[{"href":"https:\/\/minutaregional.cl\/index.php?rest_route=\/wp\/v2\/posts\/2897","targetHints":{"allow":["GET"]}}],"collection":[{"href":"https:\/\/minutaregional.cl\/index.php?rest_route=\/wp\/v2\/posts"}],"about":[{"href":"https:\/\/minutaregional.cl\/index.php?rest_route=\/wp\/v2\/types\/post"}],"author":[{"embeddable":true,"href":"https:\/\/minutaregional.cl\/index.php?rest_route=\/wp\/v2\/users\/1"}],"replies":[{"embeddable":true,"href":"https:\/\/minutaregional.cl\/index.php?rest_route=%2Fwp%2Fv2%2Fcomments&post=2897"}],"version-history":[{"count":1,"href":"https:\/\/minutaregional.cl\/index.php?rest_route=\/wp\/v2\/posts\/2897\/revisions"}],"predecessor-version":[{"id":2899,"href":"https:\/\/minutaregional.cl\/index.php?rest_route=\/wp\/v2\/posts\/2897\/revisions\/2899"}],"wp:featuredmedia":[{"embeddable":true,"href":"https:\/\/minutaregional.cl\/index.php?rest_route=\/wp\/v2\/media\/2898"}],"wp:attachment":[{"href":"https:\/\/minutaregional.cl\/index.php?rest_route=%2Fwp%2Fv2%2Fmedia&parent=2897"}],"wp:term":[{"taxonomy":"category","embeddable":true,"href":"https:\/\/minutaregional.cl\/index.php?rest_route=%2Fwp%2Fv2%2Fcategories&post=2897"},{"taxonomy":"post_tag","embeddable":true,"href":"https:\/\/minutaregional.cl\/index.php?rest_route=%2Fwp%2Fv2%2Ftags&post=2897"}],"curies":[{"name":"wp","href":"https:\/\/api.w.org\/{rel}","templated":true}]}}