{"id":2890,"date":"2023-01-24T22:58:32","date_gmt":"2023-01-24T22:58:32","guid":{"rendered":"https:\/\/minutaregional.cl\/?p=2890"},"modified":"2023-01-24T22:58:32","modified_gmt":"2023-01-24T22:58:32","slug":"diputado-manouchehri-ps-y-sbap-aprobar-una-ley-con-industria-en-areas-protegidas-es-una-desorientacion-ideologica","status":"publish","type":"post","link":"https:\/\/minutaregional.cl\/?p=2890","title":{"rendered":"Diputado Manouchehri (PS) y SBAP: \u201cAprobar una ley con industria en \u00e1reas protegidas es una desorientaci\u00f3n ideol\u00f3gica\u201d"},"content":{"rendered":"<p>La Sala de la C\u00e1mara de Diputadas y Diputados despach\u00f3 al Senado el proyecto que crea el Servicio de Biodiversidad y \u00c1reas Protegidas (SBAP). El diputado socialista Daniel Manouchehri, quien critic\u00f3 previamente la iniciativa en su tramitaci\u00f3n, se\u00f1al\u00f3 que su aprobaci\u00f3n \u201ctiene un alto componente de desorientaci\u00f3n ideol\u00f3gica. Un proyecto que busca preservar la biodiversidad, que termina siendo un puente para destruirla\u201d.<\/p>\n<p>El legislador de la Regi\u00f3n de Coquimbo denunci\u00f3 que \u201cacabamos de aprobar un proyecto en donde, en primer t\u00e9rmino, se permite y se consagra la industria en \u00e1reas protegidas. Lugares como Fray Jorge, Punta de Choros y Torres del Paine son lugares protegidos en donde han aprobado para poder contemplar industria en ellos. Y, en segundo t\u00e9rmino, hemos dado un paso tremendo para la privatizaci\u00f3n de nuestros parques nacionales\u201d.<\/p>\n<p>\u201cEste proyecto va en la l\u00ednea contraria a los tiempos. Lo que hace no es abrir los parques para que pase el hombre libre, sino para que pasen los millonarios. Los ni\u00f1os pobres de nuestro pa\u00eds tendr\u00e1n que ver c\u00f3mo los ni\u00f1os ricos acceden a los hoteles que, gracias a este proyecto, se van a instalar en los parques nacionales\u201d, fustig\u00f3.<\/p>\n<p>Asimismo, Manouchehri agreg\u00f3 que el SBAP es la puerta de entrada para la intervenci\u00f3n industrial y minera de los parques y reservas naturales, recalcando que \u201cno puede ser posible que haya un proyecto que diga proteger el medioambiente y la biodiversidad y que contemple la industria dentro de estas zonas. Permite concesiones sectoriales, como la salmonicultura, no resguarda el subsuelo, es decir tenemos espacio para proyectos mineros en algunos lugares\u201d.<\/p>\n<p>\u201cNos parece que este proyecto\u00a0es un desastre. Si no estaban los votos para aprobar este proyecto, que parti\u00f3 con buenas intenciones, se debi\u00f3 rechazar. Nos recuerda ese sabio dicho, \u2018el infierno est\u00e1 cargado de buenas intenciones\u2019\u201d, cerr\u00f3.<\/p>\n<p>Durante la sesi\u00f3n de Sala, el parlamentario solicit\u00f3 la votaci\u00f3n en separado de m\u00faltiples art\u00edculos del proyecto, para intentar revertir algunos de los efectos perjudiciales del SBAP. Igualmente, en su mayor\u00eda fueron aprobados por la C\u00e1mara y la iniciativa despachada para su tramitaci\u00f3n en el Senado.<\/p>\n","protected":false},"excerpt":{"rendered":"<p>La Sala de la C\u00e1mara de Diputadas y Diputados despach\u00f3 al Senado el proyecto que crea el Servicio de Biodiversidad y \u00c1reas Protegidas (SBAP). El diputado socialista Daniel Manouchehri, quien critic\u00f3 previamente la iniciativa en su tramitaci\u00f3n, se\u00f1al\u00f3 que su aprobaci\u00f3n \u201ctiene un alto componente de desorientaci\u00f3n ideol\u00f3gica. Un proyecto<\/p>\n","protected":false},"author":1,"featured_media":2891,"comment_status":"closed","ping_status":"open","sticky":false,"template":"","format":"standard","meta":{"footnotes":""},"categories":[26],"tags":[],"class_list":["post-2890","post","type-post","status-publish","format-standard","has-post-thumbnail","hentry","category-camara-de-diputadas-y-diputados"],"_links":{"self":[{"href":"https:\/\/minutaregional.cl\/index.php?rest_route=\/wp\/v2\/posts\/2890","targetHints":{"allow":["GET"]}}],"collection":[{"href":"https:\/\/minutaregional.cl\/index.php?rest_route=\/wp\/v2\/posts"}],"about":[{"href":"https:\/\/minutaregional.cl\/index.php?rest_route=\/wp\/v2\/types\/post"}],"author":[{"embeddable":true,"href":"https:\/\/minutaregional.cl\/index.php?rest_route=\/wp\/v2\/users\/1"}],"replies":[{"embeddable":true,"href":"https:\/\/minutaregional.cl\/index.php?rest_route=%2Fwp%2Fv2%2Fcomments&post=2890"}],"version-history":[{"count":1,"href":"https:\/\/minutaregional.cl\/index.php?rest_route=\/wp\/v2\/posts\/2890\/revisions"}],"predecessor-version":[{"id":2892,"href":"https:\/\/minutaregional.cl\/index.php?rest_route=\/wp\/v2\/posts\/2890\/revisions\/2892"}],"wp:featuredmedia":[{"embeddable":true,"href":"https:\/\/minutaregional.cl\/index.php?rest_route=\/wp\/v2\/media\/2891"}],"wp:attachment":[{"href":"https:\/\/minutaregional.cl\/index.php?rest_route=%2Fwp%2Fv2%2Fmedia&parent=2890"}],"wp:term":[{"taxonomy":"category","embeddable":true,"href":"https:\/\/minutaregional.cl\/index.php?rest_route=%2Fwp%2Fv2%2Fcategories&post=2890"},{"taxonomy":"post_tag","embeddable":true,"href":"https:\/\/minutaregional.cl\/index.php?rest_route=%2Fwp%2Fv2%2Ftags&post=2890"}],"curies":[{"name":"wp","href":"https:\/\/api.w.org\/{rel}","templated":true}]}}