{"id":2882,"date":"2023-01-18T19:23:07","date_gmt":"2023-01-18T19:23:07","guid":{"rendered":"https:\/\/minutaregional.cl\/?p=2882"},"modified":"2023-01-18T19:23:07","modified_gmt":"2023-01-18T19:23:07","slug":"pescadores-operadores-turisticos-y-comunidad-de-punta-de-choros-celebran-rechazo-a-dominga","status":"publish","type":"post","link":"https:\/\/minutaregional.cl\/?p=2882","title":{"rendered":"PESCADORES, OPERADORES TUR\u00cdSTICOS Y COMUNIDAD  DE PUNTA DE CHOROS CELEBRAN RECHAZO A DOMINGA"},"content":{"rendered":"<p style=\"text-align: justify;\"><em>Con alegr\u00eda recibieron en la zona costera de La Higuera, el fallo un\u00e1nime del Comit\u00e9 de Ministros contra el proyecto minero.<\/em><\/p>\n<p style=\"text-align: justify;\">El Comit\u00e9 de Ministros del Gobierno del Presidente Gabriel Boric rechaz\u00f3 este mi\u00e9rcoles en forma un\u00e1nime el proyecto minero y portuario Dominga que impulsa la empresa Andes Iron en la comuna de La Higuera, en el norte de la Regi\u00f3n de Coquimbo.<\/p>\n<p style=\"text-align: justify;\">Gran parte de la comunidad de la zona valor\u00f3 el fallo, que estuvo basado en diversos informes t\u00e9cnicos, de organismos como Sernapesca, Conaf, Subsecretar\u00eda de Medioambiente, entre varios otros. Estos determinaron que la empresa no fue consistente en subsanar los reparos que da\u00f1an el ecosistema, como el polvo en suspensi\u00f3n, destrucci\u00f3n del acu\u00edfero e impactos en la flora y fauna de la zona costera, donde se encuentra la Reserva Nacional Ping\u00fcino de Humboldt, con especies \u00fanicas, como nutrias, ping\u00fcinos y cet\u00e1ceos.<\/p>\n<p style=\"text-align: justify;\">Previo al pronunciamiento del Consejo de Ministro, representantes del mundo pesquero y tur\u00edstico de la comuna de La Higuera se reunieron para esperar la determinaci\u00f3n en la caleta de Punta de Choros, donde se desat\u00f3 una espont\u00e1nea celebraci\u00f3n al confirmarse el voto un\u00e1nime de los ministros.<\/p>\n<p style=\"text-align: justify;\">El senador Daniel N\u00fa\u00f1ez manifest\u00f3 que \u201cestamos muy contentos, es una necesidad tremenda asegurar la defensa del medioambiente, poder asegurar que las comunidades tengan calidad de vida y que no se vean afectados por un proyecto altamente contaminante del acu\u00edfero, del polvo en suspensi\u00f3n y de todo el borde costero\u201d.<\/p>\n<p style=\"text-align: justify;\">El parlamentario por la Regi\u00f3n de Coquimbo valor\u00f3 que se tomara en cuenta importantes antecedentes para llegar a la decisi\u00f3n, ya que \u201cse hizo una votaci\u00f3n en base a diferentes informes t\u00e9cnicos de la CONAF, Subpesca, la DGA, que hab\u00eda afectaciones relevantes en este proyecto minero. Ahora el paso es impulsar un desarrollo sustentable que permita una mejor calidad de vida a todos los pobladores y pobladoras de la comuna de La Higuera\u201d.<\/p>\n<p style=\"text-align: justify;\">El\u00edas Barrera, pescador, buzo y navegante de la zona, declar\u00f3 estar \u201cs\u00faper contento porque se tom\u00f3 la decisi\u00f3n que se deb\u00eda tomar, este proyecto era devastador, sacrificaba el entorno m\u00e1s rico de Chile y uno de los m\u00e1s ricos a nivel mundial. Era impensado instalar este mega proyecto frente a un santuario de la naturaleza\u201d.<\/p>\n<p style=\"text-align: justify;\">El joven coment\u00f3 que \u201cac\u00e1 la gente de mar en general est\u00e1 contenta, ya son 10 a\u00f1os luchando contra este proyecto, Carlos D\u00e9lano y todos los inversionistas perdieron, el dinero no le iba a ganar a la naturaleza de nuestro archipi\u00e9lago de Humboldt, donde est\u00e1 nuestro pueblo chango\u201d.<\/p>\n<p style=\"text-align: justify;\">Polo Sep\u00falveda, quien lleg\u00f3 como estudiante y se qued\u00f3 a vivir en Punta de Choros, se\u00f1al\u00f3 que \u201cme parece bastante justo, porque este proyecto no es viable con este entorno, llevo 12 a\u00f1os viviendo en este lugar, hice la pr\u00e1ctica en CONAF y me qued\u00e9, y ya estaba amenazado por la termoel\u00e9ctrica Barrancones\u201d.<\/p>\n<p style=\"text-align: justify;\">Agrega que es importante evitar que el sector siga en peligro, argumentando que \u00a0\u201chay que crear un instrumento p\u00fablico que pueda defender este lugar para que no vengan otros proyectos que puedan venir\u201d.<\/p>\n","protected":false},"excerpt":{"rendered":"<p>Con alegr\u00eda recibieron en la zona costera de La Higuera, el fallo un\u00e1nime del Comit\u00e9 de Ministros contra el proyecto minero. El Comit\u00e9 de Ministros del Gobierno del Presidente Gabriel Boric rechaz\u00f3 este mi\u00e9rcoles en forma un\u00e1nime el proyecto minero y portuario Dominga que impulsa la empresa Andes Iron en<\/p>\n","protected":false},"author":1,"featured_media":2883,"comment_status":"closed","ping_status":"open","sticky":false,"template":"","format":"standard","meta":{"footnotes":""},"categories":[26,1],"tags":[],"class_list":["post-2882","post","type-post","status-publish","format-standard","has-post-thumbnail","hentry","category-camara-de-diputadas-y-diputados","category-noticias-regionales"],"_links":{"self":[{"href":"https:\/\/minutaregional.cl\/index.php?rest_route=\/wp\/v2\/posts\/2882","targetHints":{"allow":["GET"]}}],"collection":[{"href":"https:\/\/minutaregional.cl\/index.php?rest_route=\/wp\/v2\/posts"}],"about":[{"href":"https:\/\/minutaregional.cl\/index.php?rest_route=\/wp\/v2\/types\/post"}],"author":[{"embeddable":true,"href":"https:\/\/minutaregional.cl\/index.php?rest_route=\/wp\/v2\/users\/1"}],"replies":[{"embeddable":true,"href":"https:\/\/minutaregional.cl\/index.php?rest_route=%2Fwp%2Fv2%2Fcomments&post=2882"}],"version-history":[{"count":1,"href":"https:\/\/minutaregional.cl\/index.php?rest_route=\/wp\/v2\/posts\/2882\/revisions"}],"predecessor-version":[{"id":2884,"href":"https:\/\/minutaregional.cl\/index.php?rest_route=\/wp\/v2\/posts\/2882\/revisions\/2884"}],"wp:featuredmedia":[{"embeddable":true,"href":"https:\/\/minutaregional.cl\/index.php?rest_route=\/wp\/v2\/media\/2883"}],"wp:attachment":[{"href":"https:\/\/minutaregional.cl\/index.php?rest_route=%2Fwp%2Fv2%2Fmedia&parent=2882"}],"wp:term":[{"taxonomy":"category","embeddable":true,"href":"https:\/\/minutaregional.cl\/index.php?rest_route=%2Fwp%2Fv2%2Fcategories&post=2882"},{"taxonomy":"post_tag","embeddable":true,"href":"https:\/\/minutaregional.cl\/index.php?rest_route=%2Fwp%2Fv2%2Ftags&post=2882"}],"curies":[{"name":"wp","href":"https:\/\/api.w.org\/{rel}","templated":true}]}}